{"id":70949,"date":"2025-01-12T16:36:02","date_gmt":"2025-01-12T20:36:02","guid":{"rendered":"https:\/\/eldiarioantillano.com\/uno\/?p=70949"},"modified":"2025-01-12T16:36:06","modified_gmt":"2025-01-12T20:36:06","slug":"mexico-concluye-semana-signada-por-100-dias-de-gobierno-de-sheinbaum","status":"publish","type":"post","link":"https:\/\/eldiarioantillano.com\/uno\/2025\/01\/12\/mexico-concluye-semana-signada-por-100-dias-de-gobierno-de-sheinbaum\/","title":{"rendered":"M\u00e9xico concluye semana signada por 100 d\u00edas de gobierno de Sheinbaum"},"content":{"rendered":"\n<p>Ciudad de M\u00e9xico, (Prensa Latina) M\u00e9xico concluye hoy una semana signada por noticias como los 100 d\u00edas de gobierno de la presidenta Claudia Sheinbaum, resultados en seguridad y la respuesta de la mandataria a declaraciones de Donald Trump.<\/p>\n\n\n\n<p>El pasado mi\u00e9rcoles, la dignataria cumpli\u00f3 ese lapso al frente del pa\u00eds con una alta aprobaci\u00f3n ciudadana (del 77 al 80 por ciento seg\u00fan las encuestadoras m\u00e1s reconocidas), y una gesti\u00f3n caracterizada por la continuidad del proceso de cambios sociales iniciado en 2018.<\/p>\n\n\n\n<p>Durante los \u00faltimos siete d\u00edas tambi\u00e9n trascendi\u00f3 la disminuci\u00f3n de 16,3 por ciento en la incidencia de homicidio doloso entre septiembre y diciembre de 2024, un per\u00edodo que incluye precisamente los primeros tres meses de la administraci\u00f3n.<\/p>\n\n\n\n<p>Las autoridades informaron, asimismo, sobre la detenci\u00f3n de siete mil 720 personas por delitos de alto impacto, as\u00ed como la incautaci\u00f3n de m\u00e1s de 66 toneladas de droga \u2013incluidos mil 168 kilogramos y 561 mil pastillas de fentanilo- y una cifra superior a las tres mil 600 armas de fuego.<\/p>\n\n\n\n<p>Como parte de la atenci\u00f3n a las causas de la violencia, el gobierno puso en marcha en la capitalina Bas\u00edlica de Guadalupe la estrategia S\u00ed al desarme, s\u00ed a la paz, para que los ciudadanos entreguen armas de fuego de manera voluntaria y an\u00f3nima a cambio de recursos econ\u00f3micos. \u201cSi hay un arma en el hogar, se entregue, se recibe recursos econ\u00f3micos a cambio y el arma se destruye. Ese es el objetivo de este programa, desarmar, que no haya armas en nuestro pa\u00eds\u201d, asever\u00f3 Sheinbaum durante el arranque de la iniciativa.<\/p>\n\n\n\n<p>La atenci\u00f3n a las causas resulta uno de los ejes de la estrategia nacional de seguridad implementada por la administraci\u00f3n, que incluye asimismo otros tres: consolidaci\u00f3n de la Guardia Nacional, fortalecimiento de la inteligencia e investigaci\u00f3n, y coordinaci\u00f3n con las entidades federativas.<\/p>\n\n\n\n<p>Precisamente en relaci\u00f3n con las armas de fuego, el fiscal general de la Rep\u00fablica, Alejandro Gertz, aludi\u00f3 el jueves a la existencia de \u201cuna especie de conspiraci\u00f3n\u201d en Estados Unidos para que puedan llegar desde ese pa\u00eds una enorme cantidad de esos artefactos a esta naci\u00f3n.<\/p>\n\n\n\n<p>Gertz hizo esta declaraci\u00f3n al responder a una pregunta en conferencia de prensa sobre un informe divulgado por el Departamento de Justicia en el cual el vecino norte\u00f1o reconoce que el 74 por ciento de las armas letales incautadas en M\u00e9xico provienen de all\u00e1.<\/p>\n\n\n\n<p>Nuestros esfuerzos \u201cpara poderle dar seguimiento a las armas que estamos deteniendo aqu\u00ed se encuentra con un tope dentro del sistema norteamericano y que los sistemas de control que ellos tienen son de un atraso tal, que la informaci\u00f3n que pedimos puede tardar meses en llegar\u201d, dijo.<\/p>\n\n\n\n<p>Durante la semana, fue noticia igualmente la respuesta de la jefa del Ejecutivo a declaraciones del mandatario electo de Estados Unidos, Donald Trump, sobre un supuesto gobierno de los c\u00e1rteles.<\/p>\n\n\n\n<p>\u201cEn M\u00e9xico gobierna el pueblo, porque la presidenta fue elegida por el pueblo de M\u00e9xico, y estamos atendiendo el problema de la inseguridad\u201d, aclar\u00f3 Sheinbaum, al tachar de falsos dichos comentarios.<\/p>\n\n\n\n<p>Acerca de la insinuaci\u00f3n del futuro gobernante de cambiar el nombre del Golfo de M\u00e9xico, Sheinbaum le aclar\u00f3 que este est\u00e1 reconocido internacionalmente desde 1607 y sugiri\u00f3 denominar a Norteam\u00e9rica como Am\u00e9rica Mexicana, al mostrar un mapa del siglo XVII donde aparece dicha denominaci\u00f3n.<\/p>\n\n\n\n<p>arc\/las<\/p>\n","protected":false},"excerpt":{"rendered":"<p>Ciudad de M\u00e9xico, (Prensa Latina) M\u00e9xico concluye hoy una semana signada por noticias como los&hellip;<\/p>\n","protected":false},"author":2,"featured_media":70950,"comment_status":"open","ping_status":"open","sticky":false,"template":"","format":"standard","meta":{"footnotes":""},"categories":[52,53],"tags":[],"class_list":["post-70949","post","type-post","status-publish","format-standard","has-post-thumbnail","hentry","category-internacionales","category-prensa-latina"],"_links":{"self":[{"href":"https:\/\/eldiarioantillano.com\/uno\/wp-json\/wp\/v2\/posts\/70949","targetHints":{"allow":["GET"]}}],"collection":[{"href":"https:\/\/eldiarioantillano.com\/uno\/wp-json\/wp\/v2\/posts"}],"about":[{"href":"https:\/\/eldiarioantillano.com\/uno\/wp-json\/wp\/v2\/types\/post"}],"author":[{"embeddable":true,"href":"https:\/\/eldiarioantillano.com\/uno\/wp-json\/wp\/v2\/users\/2"}],"replies":[{"embeddable":true,"href":"https:\/\/eldiarioantillano.com\/uno\/wp-json\/wp\/v2\/comments?post=70949"}],"version-history":[{"count":1,"href":"https:\/\/eldiarioantillano.com\/uno\/wp-json\/wp\/v2\/posts\/70949\/revisions"}],"predecessor-version":[{"id":70953,"href":"https:\/\/eldiarioantillano.com\/uno\/wp-json\/wp\/v2\/posts\/70949\/revisions\/70953"}],"wp:featuredmedia":[{"embeddable":true,"href":"https:\/\/eldiarioantillano.com\/uno\/wp-json\/wp\/v2\/media\/70950"}],"wp:attachment":[{"href":"https:\/\/eldiarioantillano.com\/uno\/wp-json\/wp\/v2\/media?parent=70949"}],"wp:term":[{"taxonomy":"category","embeddable":true,"href":"https:\/\/eldiarioantillano.com\/uno\/wp-json\/wp\/v2\/categories?post=70949"},{"taxonomy":"post_tag","embeddable":true,"href":"https:\/\/eldiarioantillano.com\/uno\/wp-json\/wp\/v2\/tags?post=70949"}],"curies":[{"name":"wp","href":"https:\/\/api.w.org\/{rel}","templated":true}]}}