{"id":70937,"date":"2025-01-12T00:00:00","date_gmt":"2025-01-12T04:00:00","guid":{"rendered":"https:\/\/eldiarioantillano.com\/uno\/?p=70937"},"modified":"2025-01-11T13:34:16","modified_gmt":"2025-01-11T17:34:16","slug":"el-gran-salto-de-carolina-mejia","status":"publish","type":"post","link":"https:\/\/eldiarioantillano.com\/uno\/2025\/01\/12\/el-gran-salto-de-carolina-mejia\/","title":{"rendered":"El gran salto de Carolina Mej\u00eda"},"content":{"rendered":"\n<p>Por ALFONSO -FONCHI- TEJEDA<\/p>\n\n\n<div class=\"wp-block-image is-style-rounded\">\n<figure class=\"alignright size-thumbnail\"><img decoding=\"async\" width=\"150\" height=\"150\" src=\"https:\/\/eldiarioantillano.com\/uno\/wp-content\/uploads\/2024\/02\/Fonchi-150x150.jpg\" alt=\"\" class=\"wp-image-64816\" srcset=\"https:\/\/eldiarioantillano.com\/uno\/wp-content\/uploads\/2024\/02\/Fonchi-150x150.jpg 150w, https:\/\/eldiarioantillano.com\/uno\/wp-content\/uploads\/2024\/02\/Fonchi-300x298.jpg 300w, https:\/\/eldiarioantillano.com\/uno\/wp-content\/uploads\/2024\/02\/Fonchi.jpg 540w\" sizes=\"(max-width: 150px) 100vw, 150px\" \/><figcaption class=\"wp-element-caption\">Alfonso -Fonchi- Tejeda<\/figcaption><\/figure>\n<\/div>\n\n\n<p>Las m\u00e1s de tres millones y medio de botellas pl\u00e1sticas recolectadas por el Ayuntamiento del Distrito Nacional, en la quinta versi\u00f3n de \u201cPl\u00e1stico por juguete\u201d, m\u00e1s all\u00e1 de la satisfacci\u00f3n que provoc\u00f3 a las autoridades debe convertirse en accionar cotidiano desde el que la municipalidad y la poblaci\u00f3n protagonicen una cultura de colaboraci\u00f3n en el manejo ciudadano.<\/p>\n\n\n\n<p>Como producto, el pl\u00e1stico es imprescindible en el diario vivir, pese a los da\u00f1os que provoca en el medio ambiente dada su dificultad para descomponerse y los precarios resultados de su adecuado manejo, por lo que se hace necesario implementar todas las estrategias y disposiciones posibles para reducir los efectos contaminantes a la fauna marina, el deterioro de suelos, el envenenamiento de las aguas subterr\u00e1neas y disminuir las graves consecuencias para la salud humana.<\/p>\n\n\n\n<p>La complejidad del uso y manejo adecuados est\u00e1 en la agenda de organismos multinacionales, de algunos gobiernos, de entidades protectoras del medio ambiente, de universidades, cient\u00edficos, comunidades y muchos\/as personas que han entendido la urgente necesidad de modificar la administraci\u00f3n de ese recurso, para lo cual se precisa tambi\u00e9n de la participaci\u00f3n individual guiada por una concienciaci\u00f3n del problema y c\u00f3mo enfrentarlo.<\/p>\n\n\n\n<p>En el pa\u00eds cada vez m\u00e1s se incrementa el sentir de esa necesaria concienciaci\u00f3n para un manejo adecuado en el uso del pl\u00e1stico, como elemento del medio ambiente, y aunque hay muchas entidades gubernamentales, comunitarias, sociales, acad\u00e9micas y empresariales involucradas en esos esfuerzos, la demanda de iniciativas nuevas y aportes concretos son impostergables.<\/p>\n\n\n\n<p>Por eso, desde el ayuntamiento del Distrito Nacional, la alcaldesa Carolina Mej\u00eda debe considerar como \u201ceje\u201d de su administraci\u00f3n integrar el reciclaje del pl\u00e1stico en el servicio de la recogida de desechos s\u00f3lidos y en la disposici\u00f3n final de ese material, para lo cual tiene opciones educativas y econ\u00f3micas que pueden conectar con la ciudadan\u00eda, incrementando la participaci\u00f3n y la colaboraci\u00f3n de los mun\u00edcipes y la municipalidad.<\/p>\n\n\n\n<p>En un reciente reportaje del diario El Pa\u00eds, el m\u00e1s importante en espa\u00f1ol, explica c\u00f3mo se maneja ese proceso en la ciudad de Nueva York, metr\u00f3poli a la que estamos tan ligado:<\/p>\n\n\n\n<p>\u201cEl reciclaje en el Estado de Nueva York es un proceso en cadena. Primero, el consumidor deja su botella o lata en el bote de basura azul para materiales reciclables. Luego, los recicladores independientes, recolectan el material y lo llevan a un centro de redenci\u00f3n\u2026 en donde les pagan 5 centavos por unidad. All\u00ed categorizan los materiales recibidos por marca, tipo de contenedor y tama\u00f1o para venderlos a los distribuidores, que pueden ser las empresas que fabrican el contenedor de la bebida, las que las venden, o las embotelladoras, que les pagan 8,5 centavos por contenedor y lo mandan a f\u00e1bricas que los transforman\u201d.<\/p>\n\n\n\n<p>En la de la ciudad de Santo Domingo es notoria la presencia de desechos pl\u00e1sticos a todo lo largo de las cuadras, que con un programa de reciclaje por pago ayudar\u00eda a recolectar esas botellas y vasos que lanzan en las calles, reportar\u00eda una entrada econ\u00f3mica a quienes se dediquen a esa tarea y contribuir\u00eda a un mejor y m\u00e1s saludable entorno ambiental, adem\u00e1s de eficientizar el servicio de recogida de la basura.<\/p>\n\n\n\n<p>Cuando en junio de 1969 Neil Armstrong puso un pie sobre la superficie lunar, proclam\u00f3 que esa acci\u00f3n era \u201cun peque\u00f1o paso para el hombre y un gran salto para la humanidad\u201d, alcance, que, con las debidas distancias, si implementa el reciclaje, Carolina Mej\u00eda podr\u00eda emular esa experiencia, y a partir de una peque\u00f1a disposici\u00f3n administrativa, dar un gran salto en la gesti\u00f3n municipal.<\/p>\n","protected":false},"excerpt":{"rendered":"<p>Por ALFONSO -FONCHI- TEJEDA Las m\u00e1s de tres millones y medio de botellas pl\u00e1sticas recolectadas&hellip;<\/p>\n","protected":false},"author":2,"featured_media":64816,"comment_status":"open","ping_status":"open","sticky":false,"template":"","format":"standard","meta":{"footnotes":""},"categories":[58,55,51],"tags":[],"class_list":["post-70937","post","type-post","status-publish","format-standard","has-post-thumbnail","hentry","category-alfonso-fonchi-tejeda","category-nacionales","category-opinion"],"_links":{"self":[{"href":"https:\/\/eldiarioantillano.com\/uno\/wp-json\/wp\/v2\/posts\/70937","targetHints":{"allow":["GET"]}}],"collection":[{"href":"https:\/\/eldiarioantillano.com\/uno\/wp-json\/wp\/v2\/posts"}],"about":[{"href":"https:\/\/eldiarioantillano.com\/uno\/wp-json\/wp\/v2\/types\/post"}],"author":[{"embeddable":true,"href":"https:\/\/eldiarioantillano.com\/uno\/wp-json\/wp\/v2\/users\/2"}],"replies":[{"embeddable":true,"href":"https:\/\/eldiarioantillano.com\/uno\/wp-json\/wp\/v2\/comments?post=70937"}],"version-history":[{"count":1,"href":"https:\/\/eldiarioantillano.com\/uno\/wp-json\/wp\/v2\/posts\/70937\/revisions"}],"predecessor-version":[{"id":70938,"href":"https:\/\/eldiarioantillano.com\/uno\/wp-json\/wp\/v2\/posts\/70937\/revisions\/70938"}],"wp:featuredmedia":[{"embeddable":true,"href":"https:\/\/eldiarioantillano.com\/uno\/wp-json\/wp\/v2\/media\/64816"}],"wp:attachment":[{"href":"https:\/\/eldiarioantillano.com\/uno\/wp-json\/wp\/v2\/media?parent=70937"}],"wp:term":[{"taxonomy":"category","embeddable":true,"href":"https:\/\/eldiarioantillano.com\/uno\/wp-json\/wp\/v2\/categories?post=70937"},{"taxonomy":"post_tag","embeddable":true,"href":"https:\/\/eldiarioantillano.com\/uno\/wp-json\/wp\/v2\/tags?post=70937"}],"curies":[{"name":"wp","href":"https:\/\/api.w.org\/{rel}","templated":true}]}}