{"id":70932,"date":"2025-01-11T00:00:00","date_gmt":"2025-01-11T04:00:00","guid":{"rendered":"https:\/\/eldiarioantillano.com\/uno\/?p=70932"},"modified":"2025-01-10T23:34:15","modified_gmt":"2025-01-11T03:34:15","slug":"rendiran-homenaje-a-los-palmeros-el-12-de-enero","status":"publish","type":"post","link":"https:\/\/eldiarioantillano.com\/uno\/2025\/01\/11\/rendiran-homenaje-a-los-palmeros-el-12-de-enero\/","title":{"rendered":"Rendir\u00e1n homenaje a Los Palmeros el 12 de enero"},"content":{"rendered":"\n<p>En el 53 aniversario de su ca\u00edda en combate contra cientos de soldados ser\u00e1n homenajeados Virgilio Perdomo P\u00e9rez, Amaury Germ\u00e1n Aristy, Bienvenido Leal Prandy y Ulises Cer\u00f3n Polanco por la Fundaci\u00f3n Maximiliano G\u00f3mez (El Moreno).<\/p>\n","protected":false},"excerpt":{"rendered":"<p>En el 53 aniversario de su ca\u00edda en combate contra cientos de soldados ser\u00e1n homenajeados&hellip;<\/p>\n","protected":false},"author":2,"featured_media":70933,"comment_status":"open","ping_status":"open","sticky":false,"template":"","format":"standard","meta":{"footnotes":""},"categories":[55],"tags":[],"class_list":["post-70932","post","type-post","status-publish","format-standard","has-post-thumbnail","hentry","category-nacionales"],"_links":{"self":[{"href":"https:\/\/eldiarioantillano.com\/uno\/wp-json\/wp\/v2\/posts\/70932","targetHints":{"allow":["GET"]}}],"collection":[{"href":"https:\/\/eldiarioantillano.com\/uno\/wp-json\/wp\/v2\/posts"}],"about":[{"href":"https:\/\/eldiarioantillano.com\/uno\/wp-json\/wp\/v2\/types\/post"}],"author":[{"embeddable":true,"href":"https:\/\/eldiarioantillano.com\/uno\/wp-json\/wp\/v2\/users\/2"}],"replies":[{"embeddable":true,"href":"https:\/\/eldiarioantillano.com\/uno\/wp-json\/wp\/v2\/comments?post=70932"}],"version-history":[{"count":1,"href":"https:\/\/eldiarioantillano.com\/uno\/wp-json\/wp\/v2\/posts\/70932\/revisions"}],"predecessor-version":[{"id":70934,"href":"https:\/\/eldiarioantillano.com\/uno\/wp-json\/wp\/v2\/posts\/70932\/revisions\/70934"}],"wp:featuredmedia":[{"embeddable":true,"href":"https:\/\/eldiarioantillano.com\/uno\/wp-json\/wp\/v2\/media\/70933"}],"wp:attachment":[{"href":"https:\/\/eldiarioantillano.com\/uno\/wp-json\/wp\/v2\/media?parent=70932"}],"wp:term":[{"taxonomy":"category","embeddable":true,"href":"https:\/\/eldiarioantillano.com\/uno\/wp-json\/wp\/v2\/categories?post=70932"},{"taxonomy":"post_tag","embeddable":true,"href":"https:\/\/eldiarioantillano.com\/uno\/wp-json\/wp\/v2\/tags?post=70932"}],"curies":[{"name":"wp","href":"https:\/\/api.w.org\/{rel}","templated":true}]}}