{"id":70929,"date":"2025-01-10T23:30:04","date_gmt":"2025-01-11T03:30:04","guid":{"rendered":"https:\/\/eldiarioantillano.com\/uno\/?p=70929"},"modified":"2025-01-10T23:30:05","modified_gmt":"2025-01-11T03:30:05","slug":"fundacion-divino-nino-hara-cirugias-gratuitas-en-hospital-juan-bosch","status":"publish","type":"post","link":"https:\/\/eldiarioantillano.com\/uno\/2025\/01\/10\/fundacion-divino-nino-hara-cirugias-gratuitas-en-hospital-juan-bosch\/","title":{"rendered":"Fundaci\u00f3n Divino Ni\u00f1o har\u00e1 cirug\u00edas gratuitas en hospital Juan Bosch"},"content":{"rendered":"\n<figure class=\"wp-block-embed is-type-video is-provider-youtube wp-block-embed-youtube wp-embed-aspect-16-9 wp-has-aspect-ratio\"><div class=\"wp-block-embed__wrapper\">\n<iframe title=\"Fundaci\u00f3n Divino Ni\u00f1o har\u00e1 cirug\u00edas gratuitas en hospital Juan Bosch\" width=\"1170\" height=\"658\" src=\"https:\/\/www.youtube.com\/embed\/hoj6ReDwQjM?feature=oembed\" frameborder=\"0\" allow=\"accelerometer; autoplay; clipboard-write; encrypted-media; gyroscope; picture-in-picture; web-share\" referrerpolicy=\"strict-origin-when-cross-origin\" allowfullscreen><\/iframe>\n<\/div><\/figure>\n\n\n\n<p>Infantes deben ser evaluados este domingo 12 de enero en el hospital Juan Bosch de La Vega para ser operados en febrero.<\/p>\n","protected":false},"excerpt":{"rendered":"<p>Infantes deben ser evaluados este domingo 12 de enero en el hospital Juan Bosch de&hellip;<\/p>\n","protected":false},"author":2,"featured_media":70930,"comment_status":"open","ping_status":"open","sticky":false,"template":"","format":"standard","meta":{"footnotes":""},"categories":[55],"tags":[],"class_list":["post-70929","post","type-post","status-publish","format-standard","has-post-thumbnail","hentry","category-nacionales"],"_links":{"self":[{"href":"https:\/\/eldiarioantillano.com\/uno\/wp-json\/wp\/v2\/posts\/70929","targetHints":{"allow":["GET"]}}],"collection":[{"href":"https:\/\/eldiarioantillano.com\/uno\/wp-json\/wp\/v2\/posts"}],"about":[{"href":"https:\/\/eldiarioantillano.com\/uno\/wp-json\/wp\/v2\/types\/post"}],"author":[{"embeddable":true,"href":"https:\/\/eldiarioantillano.com\/uno\/wp-json\/wp\/v2\/users\/2"}],"replies":[{"embeddable":true,"href":"https:\/\/eldiarioantillano.com\/uno\/wp-json\/wp\/v2\/comments?post=70929"}],"version-history":[{"count":1,"href":"https:\/\/eldiarioantillano.com\/uno\/wp-json\/wp\/v2\/posts\/70929\/revisions"}],"predecessor-version":[{"id":70931,"href":"https:\/\/eldiarioantillano.com\/uno\/wp-json\/wp\/v2\/posts\/70929\/revisions\/70931"}],"wp:featuredmedia":[{"embeddable":true,"href":"https:\/\/eldiarioantillano.com\/uno\/wp-json\/wp\/v2\/media\/70930"}],"wp:attachment":[{"href":"https:\/\/eldiarioantillano.com\/uno\/wp-json\/wp\/v2\/media?parent=70929"}],"wp:term":[{"taxonomy":"category","embeddable":true,"href":"https:\/\/eldiarioantillano.com\/uno\/wp-json\/wp\/v2\/categories?post=70929"},{"taxonomy":"post_tag","embeddable":true,"href":"https:\/\/eldiarioantillano.com\/uno\/wp-json\/wp\/v2\/tags?post=70929"}],"curies":[{"name":"wp","href":"https:\/\/api.w.org\/{rel}","templated":true}]}}