{"id":70924,"date":"2025-01-10T22:31:58","date_gmt":"2025-01-11T02:31:58","guid":{"rendered":"https:\/\/eldiarioantillano.com\/uno\/?p=70924"},"modified":"2025-01-10T22:32:01","modified_gmt":"2025-01-11T02:32:01","slug":"instituto-schiller-ya-es-hora-de-que-cese-el-genocidio","status":"publish","type":"post","link":"https:\/\/eldiarioantillano.com\/uno\/2025\/01\/10\/instituto-schiller-ya-es-hora-de-que-cese-el-genocidio\/","title":{"rendered":"Instituto Schiller: \u00a1Ya es hora de que cese el genocidio!"},"content":{"rendered":"\n<p>10 de enero de 2025 (EIRNS).\u2014 Con urgencia, el Instituto Schiller suma su voz a las de docenas de organizaciones y miles de personas en todo el mundo en apoyo de la demanda de M\u00e9dicos Contra el Genocidio (DAG) de que el genocidio en curso que se perpetra en Gaza debe detenerse de inmediato.<\/p>\n\n\n\n<p>\u201cHay que poner fin a los bombardeos deliberados de hospitales, a los ataques contra los trabajadores sanitarios y a la destrucci\u00f3n sistem\u00e1tica de los servicios m\u00e9dicos. Ning\u00fan ni\u00f1o m\u00e1s deber\u00eda sufrir, morir de hambre, ser amputado o perder la vida debido a este genocidio en curso\u201d, afirma el reciente llamamiento urgente del DAG. \u201cEstamos enfermos por el genocidio\u201d, afirman.<\/p>\n\n\n\n<p>Estos m\u00e9dicos y trabajadores de la salud representan la mejor tradici\u00f3n humanista del Juramento Hipocr\u00e1tico, que por extensi\u00f3n prescribe a&nbsp;<em>todas<\/em>&nbsp;las personas morales que quieran ayudar a sanar la condici\u00f3n humana que no debemos \u201chacer da\u00f1o ni injusticia\u201d, pero tambi\u00e9n sugiere que debemos hacer el bien activamente.&nbsp;<\/p>\n\n\n\n<p>Mientras la mayor parte del mundo observa con horror c\u00f3mo se desarrolla otro genocidio ante nuestros propios ojos; mientras los gobiernos de la OTAN nos llevan al borde mismo de una guerra termonuclear; quienes se est\u00e1n levantando y alzando la voz contra estos cr\u00edmenes de Nuremberg mantienen viva la chispa de la humanidad de todos, y esa es una fuerza que, si se fortalece y se educa, puede propagarse y hacer un bien incalculable en el mundo.<\/p>\n\n\n\n<p>Helga Zepp-LaRouche, fundadora del Instituto Schiller, pidi\u00f3 el 3 de enero que todas las organizaciones e individuos unan sus fuerzas para detener el genocidio en curso, en sus comentarios en la 83\u00aa reuni\u00f3n semanal de la Coalici\u00f3n Internacional por la Paz, que ella inici\u00f3:<\/p>\n\n\n\n<p>\u201cCreo que por eso es absolutamente necesario avanzar en este tema, pero no detenernos ah\u00ed: porque pensemos en Sud\u00e1n, en Yemen, en Hait\u00ed. Hay genocidio y es parte de este sistema, por eso necesitamos tener una nueva arquitectura de seguridad y desarrollo que ponga sobre la mesa un sistema completamente nuevo. Creo que 2025 es el a\u00f1o en que lograremos hacerlo, o veremos que el mundo puede estallar en pedazos. As\u00ed que esta es una motivaci\u00f3n muy fuerte para avanzar con todo lo que podamos\u201d.<\/p>\n\n\n\n<p>El Instituto Schiller ofrece&nbsp;<a href=\"https:\/\/schillerinstitute.com\/blog\/2022\/11\/30\/ten-principles-of-a-new-international-security-and-development-architecture\/\" rel=\"noreferrer noopener\" target=\"_blank\">los \u201cDiez principios de una nueva arquitectura internacional de seguridad y desarrollo\u201d<\/a>&nbsp;de Zepp-LaRouche como documento de debate para promover y profundizar ese proceso.<\/p>\n","protected":false},"excerpt":{"rendered":"<p>10 de enero de 2025 (EIRNS).\u2014 Con urgencia, el Instituto Schiller suma su voz a&hellip;<\/p>\n","protected":false},"author":2,"featured_media":64945,"comment_status":"open","ping_status":"open","sticky":false,"template":"","format":"standard","meta":{"footnotes":""},"categories":[78,52],"tags":[],"class_list":["post-70924","post","type-post","status-publish","format-standard","has-post-thumbnail","hentry","category-eirns","category-internacionales"],"_links":{"self":[{"href":"https:\/\/eldiarioantillano.com\/uno\/wp-json\/wp\/v2\/posts\/70924","targetHints":{"allow":["GET"]}}],"collection":[{"href":"https:\/\/eldiarioantillano.com\/uno\/wp-json\/wp\/v2\/posts"}],"about":[{"href":"https:\/\/eldiarioantillano.com\/uno\/wp-json\/wp\/v2\/types\/post"}],"author":[{"embeddable":true,"href":"https:\/\/eldiarioantillano.com\/uno\/wp-json\/wp\/v2\/users\/2"}],"replies":[{"embeddable":true,"href":"https:\/\/eldiarioantillano.com\/uno\/wp-json\/wp\/v2\/comments?post=70924"}],"version-history":[{"count":1,"href":"https:\/\/eldiarioantillano.com\/uno\/wp-json\/wp\/v2\/posts\/70924\/revisions"}],"predecessor-version":[{"id":70925,"href":"https:\/\/eldiarioantillano.com\/uno\/wp-json\/wp\/v2\/posts\/70924\/revisions\/70925"}],"wp:featuredmedia":[{"embeddable":true,"href":"https:\/\/eldiarioantillano.com\/uno\/wp-json\/wp\/v2\/media\/64945"}],"wp:attachment":[{"href":"https:\/\/eldiarioantillano.com\/uno\/wp-json\/wp\/v2\/media?parent=70924"}],"wp:term":[{"taxonomy":"category","embeddable":true,"href":"https:\/\/eldiarioantillano.com\/uno\/wp-json\/wp\/v2\/categories?post=70924"},{"taxonomy":"post_tag","embeddable":true,"href":"https:\/\/eldiarioantillano.com\/uno\/wp-json\/wp\/v2\/tags?post=70924"}],"curies":[{"name":"wp","href":"https:\/\/api.w.org\/{rel}","templated":true}]}}