{"id":70919,"date":"2025-01-11T00:01:00","date_gmt":"2025-01-11T04:01:00","guid":{"rendered":"https:\/\/eldiarioantillano.com\/uno\/?p=70919"},"modified":"2025-01-10T22:30:14","modified_gmt":"2025-01-11T02:30:14","slug":"inician-la-construccion-del-puente-paso-de-los-hierros-en-bani","status":"publish","type":"post","link":"https:\/\/eldiarioantillano.com\/uno\/2025\/01\/11\/inician-la-construccion-del-puente-paso-de-los-hierros-en-bani\/","title":{"rendered":"Inician la construcci\u00f3n del puente Paso de los Hierros, en Ban\u00ed"},"content":{"rendered":"\n<p>La gobernadora de la provincia Peravia, Angela B\u00e1ez; el ministro de Obras P\u00fablicas, Deligne Ascensi\u00f3n; el senador Julito Fulcar y otras autoridades se encontraron en el acto de inicio de los trabajos de la obra tan reclamada.\u00a0<\/p>\n","protected":false},"excerpt":{"rendered":"<p>La gobernadora de la provincia Peravia, Angela B\u00e1ez; el ministro de Obras P\u00fablicas, Deligne Ascensi\u00f3n;&hellip;<\/p>\n","protected":false},"author":2,"featured_media":70921,"comment_status":"open","ping_status":"open","sticky":false,"template":"","format":"standard","meta":{"footnotes":""},"categories":[55],"tags":[],"class_list":["post-70919","post","type-post","status-publish","format-standard","has-post-thumbnail","hentry","category-nacionales"],"_links":{"self":[{"href":"https:\/\/eldiarioantillano.com\/uno\/wp-json\/wp\/v2\/posts\/70919","targetHints":{"allow":["GET"]}}],"collection":[{"href":"https:\/\/eldiarioantillano.com\/uno\/wp-json\/wp\/v2\/posts"}],"about":[{"href":"https:\/\/eldiarioantillano.com\/uno\/wp-json\/wp\/v2\/types\/post"}],"author":[{"embeddable":true,"href":"https:\/\/eldiarioantillano.com\/uno\/wp-json\/wp\/v2\/users\/2"}],"replies":[{"embeddable":true,"href":"https:\/\/eldiarioantillano.com\/uno\/wp-json\/wp\/v2\/comments?post=70919"}],"version-history":[{"count":1,"href":"https:\/\/eldiarioantillano.com\/uno\/wp-json\/wp\/v2\/posts\/70919\/revisions"}],"predecessor-version":[{"id":70923,"href":"https:\/\/eldiarioantillano.com\/uno\/wp-json\/wp\/v2\/posts\/70919\/revisions\/70923"}],"wp:featuredmedia":[{"embeddable":true,"href":"https:\/\/eldiarioantillano.com\/uno\/wp-json\/wp\/v2\/media\/70921"}],"wp:attachment":[{"href":"https:\/\/eldiarioantillano.com\/uno\/wp-json\/wp\/v2\/media?parent=70919"}],"wp:term":[{"taxonomy":"category","embeddable":true,"href":"https:\/\/eldiarioantillano.com\/uno\/wp-json\/wp\/v2\/categories?post=70919"},{"taxonomy":"post_tag","embeddable":true,"href":"https:\/\/eldiarioantillano.com\/uno\/wp-json\/wp\/v2\/tags?post=70919"}],"curies":[{"name":"wp","href":"https:\/\/api.w.org\/{rel}","templated":true}]}}