{"id":70912,"date":"2025-01-10T00:01:00","date_gmt":"2025-01-10T04:01:00","guid":{"rendered":"https:\/\/eldiarioantillano.com\/uno\/?p=70912"},"modified":"2025-01-09T21:47:47","modified_gmt":"2025-01-10T01:47:47","slug":"gestion-de-sheinbaum-con-80-por-ciento-de-aprobacion-ciudadana","status":"publish","type":"post","link":"https:\/\/eldiarioantillano.com\/uno\/2025\/01\/10\/gestion-de-sheinbaum-con-80-por-ciento-de-aprobacion-ciudadana\/","title":{"rendered":"Gesti\u00f3n de Sheinbaum con 80 por ciento de aprobaci\u00f3n ciudadana\u00a0"},"content":{"rendered":"\n<p>Ciudad de M\u00e9xico, 8 ene (Prensa Latina) El 80 por ciento de los mexicanos aprueba la gesti\u00f3n de la presidenta Claudia Sheinbaum en sus primeros 100 d\u00edas de gobierno, de acuerdo con los resultados de un estudio de opini\u00f3n difundido hoy.<\/p>\n\n\n\n<p>Seg\u00fan el sondeo de la encuestadora De las Heras Demotecnia, de car\u00e1cter nacional y con mil entrevistas realizadas, el 79 por ciento de los consultados expres\u00f3 su confianza en la mandataria, quien tom\u00f3 posesi\u00f3n del cargo el 1 de octubre \u00faltimo.<\/p>\n\n\n\n<p>En cuanto a temas espec\u00edficos, el impulso a los derechos de las mujeres cuenta con un 89 por ciento de respaldo, adem\u00e1s de los programas sociales, con un 85, y el apoyo a la educaci\u00f3n p\u00fablica y la protecci\u00f3n al medio ambiente, ambos con el 80. Tambi\u00e9n sobresali\u00f3 el combate a la pobreza (78 por ciento de aprobaci\u00f3n), a la inseguridad (74 por ciento) y a la corrupci\u00f3n (70), as\u00ed como el manejo de la econom\u00eda (76).<\/p>\n\n\n\n<p>A juicio del 71 por ciento de los entrevistados, desde que Sheinbaum gan\u00f3 los comicios en junio de 2024 el pa\u00eds se encuentra mejor o igual de bien.<\/p>\n\n\n\n<p>El sondeo, con un 95 por ciento de confianza, posee un margen de error de +\/-3,2 por ciento.<\/p>\n\n\n\n<p>Hace dos d\u00edas, otra encuesta, esta vez publicada por el diario El Financiero, le otorg\u00f3 a la dignataria un 78 por ciento de aprobaci\u00f3n, el nivel de respaldo m\u00e1s alto registrado hasta ahora por ese sondeo, precedido por un 70 por ciento de apoyo en octubre y 69 en noviembre del a\u00f1o pasado.<\/p>\n\n\n\n<p>La mandataria, quien cumple este mi\u00e9rcoles 100 d\u00edas al frente del pa\u00eds con una gesti\u00f3n caracterizada por la continuidad del proceso de cambios sociales iniciado en 2018, presentar\u00e1 un informe de este per\u00edodo el pr\u00f3ximo d\u00eda 12 en la capitalina plaza del Z\u00f3calo.<\/p>\n\n\n\n<p>ro\/las<a href=\"https:\/\/www.prensa-latina.cu\/2025\/01\/08\/\"><\/a><\/p>\n","protected":false},"excerpt":{"rendered":"<p>Ciudad de M\u00e9xico, 8 ene (Prensa Latina) El 80 por ciento de los mexicanos aprueba&hellip;<\/p>\n","protected":false},"author":2,"featured_media":70913,"comment_status":"open","ping_status":"open","sticky":false,"template":"","format":"standard","meta":{"footnotes":""},"categories":[52,53],"tags":[],"class_list":["post-70912","post","type-post","status-publish","format-standard","has-post-thumbnail","hentry","category-internacionales","category-prensa-latina"],"_links":{"self":[{"href":"https:\/\/eldiarioantillano.com\/uno\/wp-json\/wp\/v2\/posts\/70912","targetHints":{"allow":["GET"]}}],"collection":[{"href":"https:\/\/eldiarioantillano.com\/uno\/wp-json\/wp\/v2\/posts"}],"about":[{"href":"https:\/\/eldiarioantillano.com\/uno\/wp-json\/wp\/v2\/types\/post"}],"author":[{"embeddable":true,"href":"https:\/\/eldiarioantillano.com\/uno\/wp-json\/wp\/v2\/users\/2"}],"replies":[{"embeddable":true,"href":"https:\/\/eldiarioantillano.com\/uno\/wp-json\/wp\/v2\/comments?post=70912"}],"version-history":[{"count":1,"href":"https:\/\/eldiarioantillano.com\/uno\/wp-json\/wp\/v2\/posts\/70912\/revisions"}],"predecessor-version":[{"id":70914,"href":"https:\/\/eldiarioantillano.com\/uno\/wp-json\/wp\/v2\/posts\/70912\/revisions\/70914"}],"wp:featuredmedia":[{"embeddable":true,"href":"https:\/\/eldiarioantillano.com\/uno\/wp-json\/wp\/v2\/media\/70913"}],"wp:attachment":[{"href":"https:\/\/eldiarioantillano.com\/uno\/wp-json\/wp\/v2\/media?parent=70912"}],"wp:term":[{"taxonomy":"category","embeddable":true,"href":"https:\/\/eldiarioantillano.com\/uno\/wp-json\/wp\/v2\/categories?post=70912"},{"taxonomy":"post_tag","embeddable":true,"href":"https:\/\/eldiarioantillano.com\/uno\/wp-json\/wp\/v2\/tags?post=70912"}],"curies":[{"name":"wp","href":"https:\/\/api.w.org\/{rel}","templated":true}]}}