{"id":70896,"date":"2025-01-08T22:17:43","date_gmt":"2025-01-09T02:17:43","guid":{"rendered":"https:\/\/eldiarioantillano.com\/uno\/?p=70896"},"modified":"2025-01-08T22:17:44","modified_gmt":"2025-01-09T02:17:44","slug":"vijay-prashad-habla-de-las-lagrimas-de-nuestros-hijos","status":"publish","type":"post","link":"https:\/\/eldiarioantillano.com\/uno\/2025\/01\/08\/vijay-prashad-habla-de-las-lagrimas-de-nuestros-hijos\/","title":{"rendered":"Vijay Prashad habla de las &#8216;l\u00e1grimas de nuestros hijos&#8217;"},"content":{"rendered":"\n<p>&nbsp;8 de enero de 2025 (EIRNS). \u2014Vijay Prashad, el historiador y comentarista indio que dirige el Instituto Tricontinental de Investigaci\u00f3n Social, escribi\u00f3 el 3 de enero un art\u00edculo publicado por&nbsp;<em>Consortium News<\/em>&nbsp;titulado \u201c&nbsp;<a href=\"https:\/\/consortiumnews.com\/2025\/01\/03\/vijay-prashad-tears-of-our-children\/\" rel=\"noreferrer noopener\" target=\"_blank\">Tears of Our Children\u201d (\u201cL\u00e1grimas de nuestros ni\u00f1os<\/a>&nbsp;\u201d), en el que documenta el genocidio y el menticidio abrumadores contra los ni\u00f1os en Gaza, y a\u00f1ade que tambi\u00e9n existen condiciones igualmente horrorosas en Sud\u00e1n, Afganist\u00e1n y otros lugares. El art\u00edculo se basa en su trabajo del 2 de enero publicado en&nbsp;<a href=\"https:\/\/thetricontinental.org\/newsletterissue\/palestine-gaza-2025\/\" rel=\"noreferrer noopener\" target=\"_blank\">Tricontinental<\/a>&nbsp;, el sitio web de su instituto.<\/p>\n\n\n\n<p>Prashad escribe: \u201cUn estudio cient\u00edfico de 2017 concluy\u00f3 que los traumas infantiles profundos pueden marcar a una persona tanto f\u00edsica como psicol\u00f3gicamente. El trauma desv\u00eda el sistema nervioso en desarrollo de los ni\u00f1os, lo que hace que est\u00e9n muy alertas y ansiosos incluso d\u00e9cadas despu\u00e9s\u201d.<\/p>\n\n\n\n<p>Prashad describe que esta matanza en Gaza no es nueva: recuerda que en 2014 Israel bombarde\u00f3 a ni\u00f1os de Gaza que jugaban al f\u00fatbol en la playa y luego prohibi\u00f3 a los grupos israel\u00edes de derechos humanos que nombraran a 150 ni\u00f1os de Gaza asesinados ese a\u00f1o, lo que impuls\u00f3 al poeta brit\u00e1nico Michael Rosen a escribir el poema \u201cNo menciones a los ni\u00f1os\u201d, incluido en el art\u00edculo.&nbsp;<\/p>\n\n\n\n<p>Prashad tambi\u00e9n se\u00f1ala la hoja informativa de diciembre de 2024 del Instituto Internacional de Investigaci\u00f3n para la Paz de Estocolmo (SIPRI) que indica que las 100 mayores empresas productoras de armas y de servicios militares del mundo aumentaron sus ingresos combinados por armamento en un 4,2% en 2023, alcanzando la asombrosa cifra de 632 mil millones de d\u00f3lares. Y a\u00f1ade: \u201cMiles de millones para los belicistas, pero nada para los ni\u00f1os que nacen en zonas de guerra\u201d.<\/p>\n\n\n\n<p>Prashad concluye con el siguiente informe desgarrador:<\/p>\n\n\n\n<p>\u201cEn septiembre de 2024, el Ministerio de Salud palestino public\u00f3 una lista actualizada de los nombres de los palestinos asesinados en el genocidio estadounidense-israel\u00ed desde octubre de 2023 hasta agosto de 2024. En esa lista hay 710 reci\u00e9n nacidos cuya edad figura como cero. Muchos de ellos acababan de recibir su nombre.<\/p>\n\n\n\n<p>\u201cAunque la lista es demasiado larga para reproducirla aqu\u00ed, la historia de Ayssel y Asser Al-Qumsan es emblem\u00e1tica. El 13 de agosto de 2024, Mohammed Abu Al-Qumsan sali\u00f3 de su apartamento en Deir al-Balah, dentro de la &#8216;zona segura&#8217; del centro de Gaza, para registrar el nacimiento de sus hijos gemelos Ayssel y Asser.<\/p>\n\n\n\n<p>Dej\u00f3 a los gemelos con su madre, la Dra. Jumana Arfa (29 a\u00f1os), que los hab\u00eda dado a luz tres d\u00edas antes en el Hospital Al-Awda en Nuseirat. La Dra. Jumana Arfa era una farmac\u00e9utica formada en la Universidad Al-Azhar en Gaza. Unos d\u00edas antes de dar a luz a sus hijos, public\u00f3 en Facebook sobre los ataques de Israel contra los ni\u00f1os, citando una entrevista con el cirujano jud\u00edo-estadounidense Dr. Mark Perlmutter en un poderoso segmento de CBS News llamado &#8216;&nbsp;<a href=\"https:\/\/www.cbsnews.com\/news\/children-of-gaza\/\" rel=\"noreferrer noopener\" target=\"_blank\">Ni\u00f1os de Gaza<\/a>&nbsp;&#8216;.<\/p>\n\n\n\n<p>\u201cCuando Mohammed regres\u00f3 de registrar a los gemelos, descubri\u00f3 que su casa hab\u00eda sido destruida y que su esposa, sus hijos reci\u00e9n nacidos y su suegra hab\u00edan muerto en un ataque israel\u00ed.<\/p>\n\n\n\n<p>\u201cAyssel Al-Qumsan. Asser Al-Qumsan. Debemos nombrar a los ni\u00f1os muertos\u201d.&nbsp;<\/p>\n","protected":false},"excerpt":{"rendered":"<p>&nbsp;8 de enero de 2025 (EIRNS). \u2014Vijay Prashad, el historiador y comentarista indio que dirige&hellip;<\/p>\n","protected":false},"author":2,"featured_media":68097,"comment_status":"open","ping_status":"open","sticky":false,"template":"","format":"standard","meta":{"footnotes":""},"categories":[78,52],"tags":[],"class_list":["post-70896","post","type-post","status-publish","format-standard","has-post-thumbnail","hentry","category-eirns","category-internacionales"],"_links":{"self":[{"href":"https:\/\/eldiarioantillano.com\/uno\/wp-json\/wp\/v2\/posts\/70896","targetHints":{"allow":["GET"]}}],"collection":[{"href":"https:\/\/eldiarioantillano.com\/uno\/wp-json\/wp\/v2\/posts"}],"about":[{"href":"https:\/\/eldiarioantillano.com\/uno\/wp-json\/wp\/v2\/types\/post"}],"author":[{"embeddable":true,"href":"https:\/\/eldiarioantillano.com\/uno\/wp-json\/wp\/v2\/users\/2"}],"replies":[{"embeddable":true,"href":"https:\/\/eldiarioantillano.com\/uno\/wp-json\/wp\/v2\/comments?post=70896"}],"version-history":[{"count":1,"href":"https:\/\/eldiarioantillano.com\/uno\/wp-json\/wp\/v2\/posts\/70896\/revisions"}],"predecessor-version":[{"id":70897,"href":"https:\/\/eldiarioantillano.com\/uno\/wp-json\/wp\/v2\/posts\/70896\/revisions\/70897"}],"wp:featuredmedia":[{"embeddable":true,"href":"https:\/\/eldiarioantillano.com\/uno\/wp-json\/wp\/v2\/media\/68097"}],"wp:attachment":[{"href":"https:\/\/eldiarioantillano.com\/uno\/wp-json\/wp\/v2\/media?parent=70896"}],"wp:term":[{"taxonomy":"category","embeddable":true,"href":"https:\/\/eldiarioantillano.com\/uno\/wp-json\/wp\/v2\/categories?post=70896"},{"taxonomy":"post_tag","embeddable":true,"href":"https:\/\/eldiarioantillano.com\/uno\/wp-json\/wp\/v2\/tags?post=70896"}],"curies":[{"name":"wp","href":"https:\/\/api.w.org\/{rel}","templated":true}]}}