{"id":70770,"date":"2025-01-03T00:01:00","date_gmt":"2025-01-03T04:01:00","guid":{"rendered":"https:\/\/eldiarioantillano.com\/uno\/?p=70770"},"modified":"2025-01-02T21:56:54","modified_gmt":"2025-01-03T01:56:54","slug":"mexico-no-acepta-injerencismos-afirma-presidenta-sheinbaum","status":"publish","type":"post","link":"https:\/\/eldiarioantillano.com\/uno\/2025\/01\/03\/mexico-no-acepta-injerencismos-afirma-presidenta-sheinbaum\/","title":{"rendered":"M\u00e9xico no acepta injerencismos, afirma presidenta Sheinbaum"},"content":{"rendered":"\n<p>Ciudad de M\u00e9xico, (Prensa Latina) La presidenta de M\u00e9xico, Claudia Sheinbaum, sostuvo hoy que su pa\u00eds no acepta injerencias, y colabora en materia de combate al fentanilo y otras drogas, pero sin subordinarse a Estados Unidos.<\/p>\n\n\n\n<p>Durante la habitual conferencia de prensa de este jueves, la mandataria recalc\u00f3 que su naci\u00f3n cooperar\u00e1 con el objetivo de ayudar en todo lo que est\u00e9 a su alcance ante la crisis sanitaria en la vecina norte\u00f1a por el consumo del opioide sint\u00e9tico.<\/p>\n\n\n\n<p>\u201cNuestra visi\u00f3n es que no solamente es la detenci\u00f3n de quienes se dedican a esto, sino que hay que tomarlo tambi\u00e9n como un asunto de salud p\u00fablica. Ahora: en M\u00e9xico no aceptamos injerencismo, y colaboramos, pero no nos subordinamos, y as\u00ed va a ser\u201d, aclar\u00f3.<\/p>\n\n\n\n<p>\u201cSe colabora, se trabaja \u2013enfatiz\u00f3- en informaci\u00f3n conjunta, pero en M\u00e9xico nos hacemos cargo las y los mexicanos\u201d.<\/p>\n\n\n\n<p>La dignataria se\u00f1al\u00f3 que se requiere compartir datos y que aqu\u00ed se trabaje con las agencias, con la Fiscal\u00eda General de la Rep\u00fablica, y en el vecino pa\u00eds con sus instituciones, al tiempo que se pregunt\u00f3 si en aquella naci\u00f3n no se fabrica fentanilo.<\/p>\n\n\n\n<p>\u201c\u00bfUstedes creen que en Estados Unidos no se fabrica fentanilo? Bueno, es una pregunta. \u00bfD\u00f3nde est\u00e1n los c\u00e1rteles de la droga en Estados Unidos que distribuyen el fentanilo en las ciudades? \u00bfD\u00f3nde va el dinero de la venta de ese fentanilo en Estados Unidos?\u201d, cuestion\u00f3.<\/p>\n\n\n\n<p>Sheinbaum hizo \u00e9nfasis en las acciones llevadas a cabo para evitar el acercamiento de los j\u00f3venes a los estupefacientes, particularmente al letal opioide sint\u00e9tico, y destac\u00f3 los resultados del pa\u00eds en materia de seguridad, con ejemplos como la reciente incautaci\u00f3n de casi 500 mil pastillas de fentanilo.<\/p>\n\n\n\n<p>Este jueves la gobernante reiter\u00f3 que no es cre\u00edble un reciente reportaje del diario estadounidense The New York Times sobre un supuesto laboratorio de dicha droga en esta naci\u00f3n latinoamericana y present\u00f3 el sustento cient\u00edfico para aseverarlo.<\/p>\n\n\n\n<p>lam\/las<\/p>\n","protected":false},"excerpt":{"rendered":"<p>Ciudad de M\u00e9xico, (Prensa Latina) La presidenta de M\u00e9xico, Claudia Sheinbaum, sostuvo hoy que su&hellip;<\/p>\n","protected":false},"author":2,"featured_media":70775,"comment_status":"open","ping_status":"open","sticky":false,"template":"","format":"standard","meta":{"footnotes":""},"categories":[52,53],"tags":[],"class_list":["post-70770","post","type-post","status-publish","format-standard","has-post-thumbnail","hentry","category-internacionales","category-prensa-latina"],"_links":{"self":[{"href":"https:\/\/eldiarioantillano.com\/uno\/wp-json\/wp\/v2\/posts\/70770","targetHints":{"allow":["GET"]}}],"collection":[{"href":"https:\/\/eldiarioantillano.com\/uno\/wp-json\/wp\/v2\/posts"}],"about":[{"href":"https:\/\/eldiarioantillano.com\/uno\/wp-json\/wp\/v2\/types\/post"}],"author":[{"embeddable":true,"href":"https:\/\/eldiarioantillano.com\/uno\/wp-json\/wp\/v2\/users\/2"}],"replies":[{"embeddable":true,"href":"https:\/\/eldiarioantillano.com\/uno\/wp-json\/wp\/v2\/comments?post=70770"}],"version-history":[{"count":1,"href":"https:\/\/eldiarioantillano.com\/uno\/wp-json\/wp\/v2\/posts\/70770\/revisions"}],"predecessor-version":[{"id":70776,"href":"https:\/\/eldiarioantillano.com\/uno\/wp-json\/wp\/v2\/posts\/70770\/revisions\/70776"}],"wp:featuredmedia":[{"embeddable":true,"href":"https:\/\/eldiarioantillano.com\/uno\/wp-json\/wp\/v2\/media\/70775"}],"wp:attachment":[{"href":"https:\/\/eldiarioantillano.com\/uno\/wp-json\/wp\/v2\/media?parent=70770"}],"wp:term":[{"taxonomy":"category","embeddable":true,"href":"https:\/\/eldiarioantillano.com\/uno\/wp-json\/wp\/v2\/categories?post=70770"},{"taxonomy":"post_tag","embeddable":true,"href":"https:\/\/eldiarioantillano.com\/uno\/wp-json\/wp\/v2\/tags?post=70770"}],"curies":[{"name":"wp","href":"https:\/\/api.w.org\/{rel}","templated":true}]}}