{"id":70765,"date":"2025-01-02T21:37:27","date_gmt":"2025-01-03T01:37:27","guid":{"rendered":"https:\/\/eldiarioantillano.com\/uno\/?p=70765"},"modified":"2025-01-02T21:37:29","modified_gmt":"2025-01-03T01:37:29","slug":"puerto-rico-se-recupera-de-apagon-que-dejo-a-oscuras-despedida-de-ano","status":"publish","type":"post","link":"https:\/\/eldiarioantillano.com\/uno\/2025\/01\/02\/puerto-rico-se-recupera-de-apagon-que-dejo-a-oscuras-despedida-de-ano\/","title":{"rendered":"Puerto Rico se recupera de apag\u00f3n que dej\u00f3 a oscuras Despedida de A\u00f1o"},"content":{"rendered":"\n<p>San Juan, 1 ene (Prensa Latina) La privatizadora LUMA Energy inform\u00f3 hoy que el 95 por ciento de los abonados tiene servicio, despu\u00e9s del apag\u00f3n que dej\u00f3 a Puerto Rico a oscuras en la Despedida de A\u00f1o.<\/p>\n\n\n\n<p>De acuerdo con el consorcio canadiense-estadounidense, a media ma\u00f1ana hab\u00eda un mill\u00f3n 410 mil 643 abonados con servicio, lo que representa un 96.1 por ciento de un total de un mill\u00f3n 468 mil 223 clientes.<\/p>\n\n\n\n<p>Estableci\u00f3 que m\u00e1s de 50 hospitales ya tienen servicio de luz, incluido el Centro M\u00e9dico de Puerto Rico, en el sector capitalino de R\u00edo Piedras, adem\u00e1s de energizar instalaciones de agua, como el denominado Superacueducto y la represa de La Plata.<\/p>\n\n\n\n<p>La aver\u00eda, indic\u00f3 el consorcio privatizador a cargo de la distribuci\u00f3n y transmisi\u00f3n de la energ\u00eda, se produjo en una l\u00ednea soterrada de 230 mil voltios, lo que gener\u00f3 el apag\u00f3n masivo alrededor de las 5:30 de la ma\u00f1ana del martes.<\/p>\n\n\n\n<p>El portavoz de GeneraPR, Iv\u00e1n B\u00e1ez, estableci\u00f3 entonces la existencia de una aver\u00eda en la l\u00ednea 230 del patio de interruptores de la planta Costa Sur, en la municipalidad de Guayanilla.<\/p>\n\n\n\n<p>La situaci\u00f3n se produce cuando Puerto Rico se prepara para un cambio de gobierno, ma\u00f1ana jueves, cuando asume la gobernadora electa Jenniffer Gonz\u00e1lez, del anexionista Partido Nuevo Progresista (PNP), al que tambi\u00e9n pertenece el saliente mandatario Pedro R. Pierluisi, quien vio frustrada en primarias su deseo de reelegirse.<\/p>\n\n\n\n<p>ro\/nrm<\/p>\n","protected":false},"excerpt":{"rendered":"<p>San Juan, 1 ene (Prensa Latina) La privatizadora LUMA Energy inform\u00f3 hoy que el 95&hellip;<\/p>\n","protected":false},"author":2,"featured_media":70766,"comment_status":"open","ping_status":"open","sticky":false,"template":"","format":"standard","meta":{"footnotes":""},"categories":[52,53],"tags":[],"class_list":["post-70765","post","type-post","status-publish","format-standard","has-post-thumbnail","hentry","category-internacionales","category-prensa-latina"],"_links":{"self":[{"href":"https:\/\/eldiarioantillano.com\/uno\/wp-json\/wp\/v2\/posts\/70765","targetHints":{"allow":["GET"]}}],"collection":[{"href":"https:\/\/eldiarioantillano.com\/uno\/wp-json\/wp\/v2\/posts"}],"about":[{"href":"https:\/\/eldiarioantillano.com\/uno\/wp-json\/wp\/v2\/types\/post"}],"author":[{"embeddable":true,"href":"https:\/\/eldiarioantillano.com\/uno\/wp-json\/wp\/v2\/users\/2"}],"replies":[{"embeddable":true,"href":"https:\/\/eldiarioantillano.com\/uno\/wp-json\/wp\/v2\/comments?post=70765"}],"version-history":[{"count":1,"href":"https:\/\/eldiarioantillano.com\/uno\/wp-json\/wp\/v2\/posts\/70765\/revisions"}],"predecessor-version":[{"id":70767,"href":"https:\/\/eldiarioantillano.com\/uno\/wp-json\/wp\/v2\/posts\/70765\/revisions\/70767"}],"wp:featuredmedia":[{"embeddable":true,"href":"https:\/\/eldiarioantillano.com\/uno\/wp-json\/wp\/v2\/media\/70766"}],"wp:attachment":[{"href":"https:\/\/eldiarioantillano.com\/uno\/wp-json\/wp\/v2\/media?parent=70765"}],"wp:term":[{"taxonomy":"category","embeddable":true,"href":"https:\/\/eldiarioantillano.com\/uno\/wp-json\/wp\/v2\/categories?post=70765"},{"taxonomy":"post_tag","embeddable":true,"href":"https:\/\/eldiarioantillano.com\/uno\/wp-json\/wp\/v2\/tags?post=70765"}],"curies":[{"name":"wp","href":"https:\/\/api.w.org\/{rel}","templated":true}]}}