{"id":70633,"date":"2024-12-24T18:41:04","date_gmt":"2024-12-24T22:41:04","guid":{"rendered":"https:\/\/eldiarioantillano.com\/uno\/?p=70633"},"modified":"2024-12-25T01:30:39","modified_gmt":"2024-12-25T05:30:39","slug":"la-federacion-de-juntas-de-vecinos-manolo-tavarez-celebro-su-fiesta-navidena","status":"publish","type":"post","link":"https:\/\/eldiarioantillano.com\/uno\/2024\/12\/24\/la-federacion-de-juntas-de-vecinos-manolo-tavarez-celebro-su-fiesta-navidena\/","title":{"rendered":"La Federaci\u00f3n de Juntas de Vecinos Manolo Tav\u00e2rez celebr\u00f3 su fiesta navide\u00f1a"},"content":{"rendered":"","protected":false},"excerpt":{"rendered":"","protected":false},"author":2,"featured_media":70621,"comment_status":"open","ping_status":"open","sticky":false,"template":"","format":"standard","meta":{"footnotes":""},"categories":[57],"tags":[],"class_list":["post-70633","post","type-post","status-publish","format-standard","has-post-thumbnail","hentry","category-montecristi"],"_links":{"self":[{"href":"https:\/\/eldiarioantillano.com\/uno\/wp-json\/wp\/v2\/posts\/70633","targetHints":{"allow":["GET"]}}],"collection":[{"href":"https:\/\/eldiarioantillano.com\/uno\/wp-json\/wp\/v2\/posts"}],"about":[{"href":"https:\/\/eldiarioantillano.com\/uno\/wp-json\/wp\/v2\/types\/post"}],"author":[{"embeddable":true,"href":"https:\/\/eldiarioantillano.com\/uno\/wp-json\/wp\/v2\/users\/2"}],"replies":[{"embeddable":true,"href":"https:\/\/eldiarioantillano.com\/uno\/wp-json\/wp\/v2\/comments?post=70633"}],"version-history":[{"count":1,"href":"https:\/\/eldiarioantillano.com\/uno\/wp-json\/wp\/v2\/posts\/70633\/revisions"}],"predecessor-version":[{"id":70634,"href":"https:\/\/eldiarioantillano.com\/uno\/wp-json\/wp\/v2\/posts\/70633\/revisions\/70634"}],"wp:featuredmedia":[{"embeddable":true,"href":"https:\/\/eldiarioantillano.com\/uno\/wp-json\/wp\/v2\/media\/70621"}],"wp:attachment":[{"href":"https:\/\/eldiarioantillano.com\/uno\/wp-json\/wp\/v2\/media?parent=70633"}],"wp:term":[{"taxonomy":"category","embeddable":true,"href":"https:\/\/eldiarioantillano.com\/uno\/wp-json\/wp\/v2\/categories?post=70633"},{"taxonomy":"post_tag","embeddable":true,"href":"https:\/\/eldiarioantillano.com\/uno\/wp-json\/wp\/v2\/tags?post=70633"}],"curies":[{"name":"wp","href":"https:\/\/api.w.org\/{rel}","templated":true}]}}