{"id":70629,"date":"2024-12-25T00:01:00","date_gmt":"2024-12-25T04:01:00","guid":{"rendered":"https:\/\/eldiarioantillano.com\/uno\/?p=70629"},"modified":"2024-12-24T18:39:56","modified_gmt":"2024-12-24T22:39:56","slug":"gobernador-palestino-alerta-sobre-hambruna-en-gaza","status":"publish","type":"post","link":"https:\/\/eldiarioantillano.com\/uno\/2024\/12\/25\/gobernador-palestino-alerta-sobre-hambruna-en-gaza\/","title":{"rendered":"Gobernador palestino alerta sobre hambruna en Gaza"},"content":{"rendered":"\n<p>Ramala, 21 dic (Prensa Latina) La Franja de Gaza entr\u00f3 en una fase de hambruna debido a la destrucci\u00f3n causada por el ej\u00e9rcito israel\u00ed y a los cierres deliberados de los cruces fronterizos, denunci\u00f3 hoy una fuente oficial palestina.<\/p>\n\n\n\n<p>El gobernador en funciones de la sure\u00f1a gobernaci\u00f3n de Khan Yunis, Jihad Abu Halib, alert\u00f3 en un comunicado que el bloqueo \u201cest\u00e1 matando de hambre a los palestinos\u201d.<\/p>\n\n\n\n<p>Precis\u00f3 que los militares clausuran por largos periodos los pasos fronterizos y cuando los abren limitan el proceso de entrada de productos vitales en proporci\u00f3n a las necesidades de la poblaci\u00f3n.<\/p>\n\n\n\n<p>Esa estrategia presagia un desastre humanitario en el enclave costero, afirm\u00f3 el funcionario.<\/p>\n\n\n\n<p>Ahora estamos al borde de una verdadera hambruna como resultado de la grave escasez de alimentos b\u00e1sicos como harina, aceite y verduras, adem\u00e1s de suministros sanitarios, recalc\u00f3.<\/p>\n\n\n\n<p>Abu Halib reclam\u00f3 a la comunidad internacional intervenir de forma urgente para aumentar el volumen de entrada de ayuda humanitaria para mitigar la crisis que sufren los m\u00e1s de dos millones de personas que viven en la Franja.<\/p>\n\n\n\n<p>A principios de este mes, el Programa Mundial de Alimentos (PMA) alert\u00f3 que el territorio se acerca al colapso a medida que avanza la hambruna debido a la guerra y a la creciente inseguridad que imposibilita la entrega de ayuda.<\/p>\n\n\n\n<p>Las restricciones de acceso, la ausencia de orden y el desprecio por el derecho internacional afectan al personal humanitario, las operaciones y la poblaci\u00f3n del territorio, subray\u00f3 el organismo.<\/p>\n\n\n\n<p>El PMA critic\u00f3 los saqueos y ataques de convoyes humanitarios en el centro y sur del enclave, y aclar\u00f3 que es imposible enviar productos vitales al norte por las operaciones del ej\u00e9rcito israel\u00ed, que cerr\u00f3 la zona.<\/p>\n\n\n\n<p>Por su parte, el coordinador humanitario de la ONU para los territorios palestinos ocupados, Muhannad Hadi, advirti\u00f3 d\u00edas atr\u00e1s sobre la grave crisis de seguridad y alimentaria que sufre Gaza.<\/p>\n\n\n\n<p>Estoy muy preocupado por la situaci\u00f3n humanitaria y el deterioro de la seguridad all\u00ed, expres\u00f3 en un comunicado el tambi\u00e9n coordinador especial adjunto para el proceso de paz de Medio Oriente.<\/p>\n\n\n\n<p>\u201cLos civiles est\u00e1n pagando el precio del continuo intercambio de fuego entre las partes\u201d, asegur\u00f3.<\/p>\n\n\n\n<p>ro\/rob<\/p>\n\n\n\n<p><\/p>\n","protected":false},"excerpt":{"rendered":"<p>Ramala, 21 dic (Prensa Latina) La Franja de Gaza entr\u00f3 en una fase de hambruna&hellip;<\/p>\n","protected":false},"author":2,"featured_media":70625,"comment_status":"open","ping_status":"open","sticky":false,"template":"","format":"standard","meta":{"footnotes":""},"categories":[52,53],"tags":[],"class_list":["post-70629","post","type-post","status-publish","format-standard","has-post-thumbnail","hentry","category-internacionales","category-prensa-latina"],"_links":{"self":[{"href":"https:\/\/eldiarioantillano.com\/uno\/wp-json\/wp\/v2\/posts\/70629","targetHints":{"allow":["GET"]}}],"collection":[{"href":"https:\/\/eldiarioantillano.com\/uno\/wp-json\/wp\/v2\/posts"}],"about":[{"href":"https:\/\/eldiarioantillano.com\/uno\/wp-json\/wp\/v2\/types\/post"}],"author":[{"embeddable":true,"href":"https:\/\/eldiarioantillano.com\/uno\/wp-json\/wp\/v2\/users\/2"}],"replies":[{"embeddable":true,"href":"https:\/\/eldiarioantillano.com\/uno\/wp-json\/wp\/v2\/comments?post=70629"}],"version-history":[{"count":2,"href":"https:\/\/eldiarioantillano.com\/uno\/wp-json\/wp\/v2\/posts\/70629\/revisions"}],"predecessor-version":[{"id":70632,"href":"https:\/\/eldiarioantillano.com\/uno\/wp-json\/wp\/v2\/posts\/70629\/revisions\/70632"}],"wp:featuredmedia":[{"embeddable":true,"href":"https:\/\/eldiarioantillano.com\/uno\/wp-json\/wp\/v2\/media\/70625"}],"wp:attachment":[{"href":"https:\/\/eldiarioantillano.com\/uno\/wp-json\/wp\/v2\/media?parent=70629"}],"wp:term":[{"taxonomy":"category","embeddable":true,"href":"https:\/\/eldiarioantillano.com\/uno\/wp-json\/wp\/v2\/categories?post=70629"},{"taxonomy":"post_tag","embeddable":true,"href":"https:\/\/eldiarioantillano.com\/uno\/wp-json\/wp\/v2\/tags?post=70629"}],"curies":[{"name":"wp","href":"https:\/\/api.w.org\/{rel}","templated":true}]}}