{"id":70543,"date":"2024-12-20T00:00:00","date_gmt":"2024-12-20T04:00:00","guid":{"rendered":"https:\/\/eldiarioantillano.com\/uno\/?p=70543"},"modified":"2024-12-19T23:42:14","modified_gmt":"2024-12-20T03:42:14","slug":"gracias-a-quienes-respaldan-y-motivan-mi-activismo-politico","status":"publish","type":"post","link":"https:\/\/eldiarioantillano.com\/uno\/2024\/12\/20\/gracias-a-quienes-respaldan-y-motivan-mi-activismo-politico\/","title":{"rendered":"Gracias a quienes respaldan y motivan mi activismo pol\u00edtico"},"content":{"rendered":"\n<p>Por LUIS MAYOBANEX RODR\u00cdGUEZ<\/p>\n\n\n\n<p>Agradezco a ustedes que con sus opiniones y valoraciones motivan mi militancia pol\u00edtica. Una militancia que, como saben, continuar\u00e1 invariablemente sujeta a la \u00e9tica y al compromiso de contribuir a articular un espacio alternativo que tenga como centro edificar una Patria habitable para todas y todos y una sociedad libre, solidaria y emancipada.<br>En ese sentido, hago de su conocimiento que estoy inmerso en un proceso de consulta junto a docenas de valiosos(as) dominicanos(as) buscando definir un quehacer colectivo que, por el momento, apunta hacia la construcci\u00f3n de un movimiento pol\u00edtico-social incluyente y diverso. Un Movimiento, adem\u00e1s, que ponga el \u00e9nfasis en la organizaci\u00f3n y resistencia democr\u00e1tica de las comunidades en ultramar como en el territorio nacional.<br>So\u00f1amos con un Movimiento que supere los l\u00edmites de una ideolog\u00eda. Esto as\u00ed, porque la soluci\u00f3n a los graves problemas que padece nuestro pa\u00eds y enfrenta la humanidad requiere del esfuerzo y la participaci\u00f3n de sus mejores mujeres y hombres.<br>De lo antes dicho se infiere que mi decisi\u00f3n reci\u00e9n adoptada de separarme de unas siglas partidarias jam\u00e1s puede interpretarse como renuncia al ideal revolucionario.<br>Aprovecho esta breve nota para reiterar que capitular no es opci\u00f3n para m\u00ed ni hoy ni ma\u00f1ana.<br>Me siento muy optimista.<br>Ojal\u00e1 poder compartir con ustedes la raz\u00f3n de este optimismo.<\/p>\n","protected":false},"excerpt":{"rendered":"<p>Por LUIS MAYOBANEX RODR\u00cdGUEZ Agradezco a ustedes que con sus opiniones y valoraciones motivan mi&hellip;<\/p>\n","protected":false},"author":2,"featured_media":70299,"comment_status":"open","ping_status":"open","sticky":false,"template":"","format":"standard","meta":{"footnotes":""},"categories":[67,55,51],"tags":[],"class_list":["post-70543","post","type-post","status-publish","format-standard","has-post-thumbnail","hentry","category-jorge-luis-melendez-cardenas","category-nacionales","category-opinion"],"_links":{"self":[{"href":"https:\/\/eldiarioantillano.com\/uno\/wp-json\/wp\/v2\/posts\/70543","targetHints":{"allow":["GET"]}}],"collection":[{"href":"https:\/\/eldiarioantillano.com\/uno\/wp-json\/wp\/v2\/posts"}],"about":[{"href":"https:\/\/eldiarioantillano.com\/uno\/wp-json\/wp\/v2\/types\/post"}],"author":[{"embeddable":true,"href":"https:\/\/eldiarioantillano.com\/uno\/wp-json\/wp\/v2\/users\/2"}],"replies":[{"embeddable":true,"href":"https:\/\/eldiarioantillano.com\/uno\/wp-json\/wp\/v2\/comments?post=70543"}],"version-history":[{"count":2,"href":"https:\/\/eldiarioantillano.com\/uno\/wp-json\/wp\/v2\/posts\/70543\/revisions"}],"predecessor-version":[{"id":70545,"href":"https:\/\/eldiarioantillano.com\/uno\/wp-json\/wp\/v2\/posts\/70543\/revisions\/70545"}],"wp:featuredmedia":[{"embeddable":true,"href":"https:\/\/eldiarioantillano.com\/uno\/wp-json\/wp\/v2\/media\/70299"}],"wp:attachment":[{"href":"https:\/\/eldiarioantillano.com\/uno\/wp-json\/wp\/v2\/media?parent=70543"}],"wp:term":[{"taxonomy":"category","embeddable":true,"href":"https:\/\/eldiarioantillano.com\/uno\/wp-json\/wp\/v2\/categories?post=70543"},{"taxonomy":"post_tag","embeddable":true,"href":"https:\/\/eldiarioantillano.com\/uno\/wp-json\/wp\/v2\/tags?post=70543"}],"curies":[{"name":"wp","href":"https:\/\/api.w.org\/{rel}","templated":true}]}}