{"id":70393,"date":"2024-12-13T00:00:00","date_gmt":"2024-12-13T04:00:00","guid":{"rendered":"https:\/\/eldiarioantillano.com\/uno\/?p=70393"},"modified":"2024-12-12T22:54:47","modified_gmt":"2024-12-13T02:54:47","slug":"continuaran-las-temperaturas-agradables-y-oleajes-anormales-en-las-costas","status":"publish","type":"post","link":"https:\/\/eldiarioantillano.com\/uno\/2024\/12\/13\/continuaran-las-temperaturas-agradables-y-oleajes-anormales-en-las-costas\/","title":{"rendered":"Continuar\u00e1n las temperaturas agradables y oleajes anormales en las costas"},"content":{"rendered":"\n<h1 class=\"wp-block-heading\">Informe del Tiempo<\/h1>\n\n\n\n<p><strong>Jueves 12 de diciembre de 2024 a las 6:00 p.m. v\u00e1lido hasta el s\u00e1bado 14 de diciembre de 2024 a las 6:00 p.m.<\/strong><\/p>\n\n\n\n<p><strong>&nbsp; EL FIN DE SEMANA LLUVIOSO POR ACERCAMIENTO DE VAGUADA POR LA PARTE ESTE\u2026 OLEAJE PELIGROSO EN LAS COSTAS DEL PA\u00cdS\u2026<\/strong><\/p>\n\n\n\n<p>En las \u00faltimas horas, las im\u00e1genes del sat\u00e9lite meteorol\u00f3gico ha captado incrementos nubosos sobre Mar\u00eda Trinidad S\u00e1nchez, Duarte, Saman\u00e1, Hato Mayor, Puerto Plata, Santiago, La Vega y Monte Planta, donde han ocurrido algunos chubascos pasajeros, producto del moderado viento predominante del noreste que aporta nubes desde el oc\u00e9ano Atl\u00e1ntico. No obstante, en resto de las provincias predomina un cielo despejado a nubosidad aislada mayormente.<\/p>\n\n\n\n<p><strong>Esta noche,<\/strong>&nbsp;las condiciones del tiempo ser\u00e1n similares, se prev\u00e9n chubascos sectores aislados de las zonas monta\u00f1osas del pa\u00eds, de todos modos, en buena parte de la Rep\u00fablica tendremos cielo despejado a poca actividad nubosa.<\/p>\n\n\n\n<p><strong>Para el viernes,<\/strong>&nbsp;nubes dispersas y sol en horas matutinas, dicha situaci\u00f3n cambiar\u00e1 por la tarde asociado a una vaguada que se localizar\u00e1 sobre Puerto Rico para incrementar la velocidad del viento del noreste, as\u00ed como, la nubosidad en sectores de La Altagracia, Hato Mayor, Monte Plata, Saman\u00e1, Mar\u00eda Trinidad S\u00e1nchez, Espaillat, Duarte, Puerto Plata, Santiago, y Valverde, donde lluvias d\u00e9biles a moderadas acontecer\u00e1n, inclusive en la noche.<\/p>\n\n\n\n<p>Las temperaturas estar\u00e1n agradables a frescas, principalmente en zonas monta\u00f1osas, debido al viento del noreste y la \u00e9poca del a\u00f1o.<\/p>\n\n\n\n<p><strong>Distrito Nacional:<\/strong>&nbsp;nubes dispersas y leve aumento con posible chubasco aislado.<\/p>\n\n\n\n<p>S<strong>anto Domingo Norte:<\/strong>&nbsp;nubes dispersas y leve aumento con posible chubasco aislado.<\/p>\n\n\n\n<p><strong>Santo Domingo Este:&nbsp;<\/strong>nubes dispersas y leve aumento con posible chubasco aislado.<\/p>\n\n\n\n<p><strong>Santo Domingo Oeste:<\/strong>&nbsp;nubes dispersas y leve aumento con posible chubasco aislado.<\/p>\n\n\n\n<p><strong>Temperatura m\u00ednima entre 20 \u00b0C y 22 \u00b0C y m\u00e1xima entre 30 \u00b0C y 32 \u00b0C.<\/strong><\/p>\n\n\n\n<p><strong>Resumen:<\/strong><strong>\u00a0incrementar\u00e1n las precipitaciones el fin de semana por acercamiento de vaguada, paraguas en mano. Temperaturas agradables a frescas por la \u00e9poca del a\u00f1o y el viento predominante el noreste.\u00a0 Recomendaciones mar\u00edtimas en las costa Atl\u00e1ntica y Caribe\u00f1a por oleaje peligroso. <\/strong><\/p>\n\n\n\n<p><strong>El s\u00e1bado<\/strong>, la vaguada estar\u00e1 sobre Puerto Rico en la ma\u00f1ana, favoreciendo el ingreso de nublados generadores de lluvias d\u00e9biles a moderadas, siendo fuertes en ocasiones de forma local y r\u00e1fagas de viento en ocasiones sobre: El Seibo, Saman\u00e1, Mar\u00eda Trinidad S\u00e1nchez, Espaillat, Puerto Plata, Monte Cristi y otras provincias del litoral costero atl\u00e1ntico. En la tarde los impulsos de humedad e inestabilidad llegar\u00e1n a La Romana, San Pedro, Monte Plata, El Gran Santo Domingo, San Crist\u00f3bal, La Vega, Santiago, San Juan y otras aisladas de la regi\u00f3n del Cibao, siendo cada vez m\u00e1s notable a medida que la vaguada avance al oeste ubic\u00e1ndose sobre el pa\u00eds.<\/p>\n\n\n\n<p><strong>Distrito Nacional:<\/strong>&nbsp;nublado en ocasiones con aguaceros moderados a fuertes, tormentas el\u00e9ctricas y r\u00e1fagas de viento en la tarde.<\/p>\n\n\n\n<p><strong>Gran Santo Domingo:<\/strong>&nbsp;nublado en ocasiones con aguaceros moderados a fuertes, tormentas el\u00e9ctricas y r\u00e1fagas de viento en la tarde.<\/p>\n\n\n\n<figure class=\"wp-block-table\"><table class=\"has-fixed-layout\"><tbody><tr><td><strong>PROVINCIAS<\/strong><\/td><td><strong>PRON\u00d3STICO POR LOCALIDADES<\/strong><\/td><td><strong>T. M\u00e1x. \u00b0C<\/strong><\/td><td><strong>&nbsp; T. M\u00edn. \u00b0C<\/strong><\/td><\/tr><tr><td><strong>Santiago<\/strong><\/td><td>medio nublado con pasajeros chubascos y r\u00e1fagas de viento.<\/td><td><strong>29\/31<\/strong><\/td><td><strong>20\/22<\/strong><\/td><\/tr><tr><td><strong>Puerto&nbsp;Plata<\/strong><\/td><td>Nubes dispersas a medio nublado con pasajeros chubascos y r\u00e1fagas de viento.<\/td><td><strong>29\/31<\/strong><\/td><td><strong>19\/21<\/strong><\/td><\/tr><tr><td><strong>Duarte<\/strong><\/td><td>Medio nublado con chubascos pasajeros y r\u00e1fagas de viento aisladas.<\/td><td><strong>29\/31<\/strong><\/td><td><strong>20\/22<\/strong><\/td><\/tr><tr><td><strong>Constanza<\/strong><\/td><td>Nubes dispersas a medio nublado con pasajeros chubascos y r\u00e1fagas de viento.<\/td><td><strong>24\/26<\/strong><\/td><td><strong>12\/14<\/strong><\/td><\/tr><tr><td><strong>Peravia<\/strong><\/td><td>Nubes dispersas a medio nublado.<\/td><td><strong>28\/30<\/strong><\/td><td><strong>21\/23<\/strong><\/td><\/tr><tr><td><strong>San P. de Macor\u00eds<\/strong><\/td><td>Nubes dispersas a medio nublado.<\/td><td><strong>28\/30<\/strong><\/td><td><strong>21\/23<\/strong><\/td><\/tr><tr><td><strong>La Romana<\/strong><\/td><td>Nubes dispersas a medio nublado.<\/td><td><strong>30\/32<\/strong><\/td><td><strong>19\/21<\/strong><\/td><\/tr><tr><td><strong>La Vega<\/strong><\/td><td>Nubes dispersas a medio nublado con pasajeros chubascos y r\u00e1fagas de viento.<\/td><td><strong>30\/32<\/strong><\/td><td><strong>19\/21<\/strong><\/td><\/tr><tr><td><strong>Monse\u00f1or Nouel<\/strong><\/td><td>Nubes dispersas a medio nublado con pasajeros chubascos y r\u00e1fagas de viento.<\/td><td><strong>29\/31<\/strong><\/td><td><strong>19\/21<\/strong><\/td><\/tr><tr><td><strong>San Crist\u00f3bal<\/strong><\/td><td>Nubes dispersas a medio nublado. Aislados chubascos.<\/td><td><strong>28\/30<\/strong><\/td><td><strong>21\/23<\/strong><\/td><\/tr><tr><td><strong>Saman\u00e1<\/strong><\/td><td>Nubes dispersas a medio nublado. Aislados chubascos.<\/td><td><strong>28\/30<\/strong><\/td><td><strong>21\/23<\/strong><\/td><\/tr><tr><td><strong>Monte Cristi<\/strong><\/td><td>Nubes dispersas en ocasiones.<\/td><td><strong>29\/31<\/strong><\/td><td><strong>20\/22<\/strong><\/td><\/tr><tr><td><strong>Azua<\/strong><\/td><td>Cielo despejado a nubes dispersas.<\/td><td><strong>29\/31<\/strong><\/td><td><strong>20\/22<\/strong><\/td><\/tr><tr><td><strong>San Juan<\/strong><\/td><td>Nubes dispersas a medio nublado.<\/td><td><strong>28\/30<\/strong><\/td><td><strong>19\/21<\/strong><\/td><\/tr><tr><td><strong>Barahona<\/strong><\/td><td>Cielo despejado a nubes dispersas.<\/td><td><strong>30\/32<\/strong><\/td><td><strong>21\/23<\/strong><\/td><\/tr><tr><td><strong>La Altagracia<\/strong><\/td><td>Nubes dispersas con leve incremento nuboso.<\/td><td><strong>30\/32<\/strong><\/td><td><strong>22\/24<\/strong><\/td><\/tr><\/tbody><\/table><\/figure>\n\n\n\n<p><strong>Meteor\u00f3logos: Wagner Rivera\/ Leonardo Marte.<\/strong><\/p>\n","protected":false},"excerpt":{"rendered":"<p>Informe del Tiempo Jueves 12 de diciembre de 2024 a las 6:00 p.m. v\u00e1lido hasta&hellip;<\/p>\n","protected":false},"author":2,"featured_media":64250,"comment_status":"open","ping_status":"open","sticky":false,"template":"","format":"standard","meta":{"footnotes":""},"categories":[55],"tags":[],"class_list":["post-70393","post","type-post","status-publish","format-standard","has-post-thumbnail","hentry","category-nacionales"],"_links":{"self":[{"href":"https:\/\/eldiarioantillano.com\/uno\/wp-json\/wp\/v2\/posts\/70393","targetHints":{"allow":["GET"]}}],"collection":[{"href":"https:\/\/eldiarioantillano.com\/uno\/wp-json\/wp\/v2\/posts"}],"about":[{"href":"https:\/\/eldiarioantillano.com\/uno\/wp-json\/wp\/v2\/types\/post"}],"author":[{"embeddable":true,"href":"https:\/\/eldiarioantillano.com\/uno\/wp-json\/wp\/v2\/users\/2"}],"replies":[{"embeddable":true,"href":"https:\/\/eldiarioantillano.com\/uno\/wp-json\/wp\/v2\/comments?post=70393"}],"version-history":[{"count":1,"href":"https:\/\/eldiarioantillano.com\/uno\/wp-json\/wp\/v2\/posts\/70393\/revisions"}],"predecessor-version":[{"id":70394,"href":"https:\/\/eldiarioantillano.com\/uno\/wp-json\/wp\/v2\/posts\/70393\/revisions\/70394"}],"wp:featuredmedia":[{"embeddable":true,"href":"https:\/\/eldiarioantillano.com\/uno\/wp-json\/wp\/v2\/media\/64250"}],"wp:attachment":[{"href":"https:\/\/eldiarioantillano.com\/uno\/wp-json\/wp\/v2\/media?parent=70393"}],"wp:term":[{"taxonomy":"category","embeddable":true,"href":"https:\/\/eldiarioantillano.com\/uno\/wp-json\/wp\/v2\/categories?post=70393"},{"taxonomy":"post_tag","embeddable":true,"href":"https:\/\/eldiarioantillano.com\/uno\/wp-json\/wp\/v2\/tags?post=70393"}],"curies":[{"name":"wp","href":"https:\/\/api.w.org\/{rel}","templated":true}]}}