{"id":70391,"date":"2024-12-13T00:00:00","date_gmt":"2024-12-13T04:00:00","guid":{"rendered":"https:\/\/eldiarioantillano.com\/uno\/?p=70391"},"modified":"2024-12-12T22:52:59","modified_gmt":"2024-12-13T02:52:59","slug":"pavel-isa-contreras-renuncia-del-ministerio-de-economia-planificacion-y-desarrollo","status":"publish","type":"post","link":"https:\/\/eldiarioantillano.com\/uno\/2024\/12\/13\/pavel-isa-contreras-renuncia-del-ministerio-de-economia-planificacion-y-desarrollo\/","title":{"rendered":"P\u00e1vel Isa Contreras renuncia del Ministerio de Econom\u00eda, Planificaci\u00f3n y Desarrollo"},"content":{"rendered":"\n<p>\u00a0El conocido economista envi\u00f3 una carta al presidente Luis Abinader con fecha 4\/12 y efectividad para el 10 de enero del 2025.\u00a0<\/p>\n","protected":false},"excerpt":{"rendered":"<p>\u00a0El conocido economista envi\u00f3 una carta al presidente Luis Abinader con fecha 4\/12 y efectividad&hellip;<\/p>\n","protected":false},"author":2,"featured_media":70384,"comment_status":"open","ping_status":"open","sticky":false,"template":"","format":"standard","meta":{"footnotes":""},"categories":[55],"tags":[],"class_list":["post-70391","post","type-post","status-publish","format-standard","has-post-thumbnail","hentry","category-nacionales"],"_links":{"self":[{"href":"https:\/\/eldiarioantillano.com\/uno\/wp-json\/wp\/v2\/posts\/70391","targetHints":{"allow":["GET"]}}],"collection":[{"href":"https:\/\/eldiarioantillano.com\/uno\/wp-json\/wp\/v2\/posts"}],"about":[{"href":"https:\/\/eldiarioantillano.com\/uno\/wp-json\/wp\/v2\/types\/post"}],"author":[{"embeddable":true,"href":"https:\/\/eldiarioantillano.com\/uno\/wp-json\/wp\/v2\/users\/2"}],"replies":[{"embeddable":true,"href":"https:\/\/eldiarioantillano.com\/uno\/wp-json\/wp\/v2\/comments?post=70391"}],"version-history":[{"count":1,"href":"https:\/\/eldiarioantillano.com\/uno\/wp-json\/wp\/v2\/posts\/70391\/revisions"}],"predecessor-version":[{"id":70392,"href":"https:\/\/eldiarioantillano.com\/uno\/wp-json\/wp\/v2\/posts\/70391\/revisions\/70392"}],"wp:featuredmedia":[{"embeddable":true,"href":"https:\/\/eldiarioantillano.com\/uno\/wp-json\/wp\/v2\/media\/70384"}],"wp:attachment":[{"href":"https:\/\/eldiarioantillano.com\/uno\/wp-json\/wp\/v2\/media?parent=70391"}],"wp:term":[{"taxonomy":"category","embeddable":true,"href":"https:\/\/eldiarioantillano.com\/uno\/wp-json\/wp\/v2\/categories?post=70391"},{"taxonomy":"post_tag","embeddable":true,"href":"https:\/\/eldiarioantillano.com\/uno\/wp-json\/wp\/v2\/tags?post=70391"}],"curies":[{"name":"wp","href":"https:\/\/api.w.org\/{rel}","templated":true}]}}