{"id":70389,"date":"2024-12-13T00:00:00","date_gmt":"2024-12-13T04:00:00","guid":{"rendered":"https:\/\/eldiarioantillano.com\/uno\/?p=70389"},"modified":"2024-12-12T22:50:44","modified_gmt":"2024-12-13T02:50:44","slug":"llega-la-iv-jornada-de-reflexion-literaria-santo-domingo-2024","status":"publish","type":"post","link":"https:\/\/eldiarioantillano.com\/uno\/2024\/12\/13\/llega-la-iv-jornada-de-reflexion-literaria-santo-domingo-2024\/","title":{"rendered":"Llega la IV Jornada de Reflexi\u00f3n Literaria Santo Domingo 2024"},"content":{"rendered":"\n<p>Santo Domingo, Rep. Dom.- Desde el viernes 13 de hasta el s\u00e1bado 14 de diciembre ser\u00e1 celebrada la esperada Jornada de Reflexi\u00f3n Literaria Santo Domingo 2024, en la sala A\u00edda Cartagena Portalat\u00edn de la Biblioteca Nacional Pedro Henr\u00edquez Ure\u00f1a (BNPHU). Se trata de un evento organizado por el colectivo literario La Tutor\u00eda desde el 2019, que busca crear espacios sobre el quehacer literario, por medio de conversatorios, paneles y conferencias.<br><br>Entre los invitados que presentar\u00e1n ponencias durante la IV JRL se destacan la escritora y actriz Dinorah Coronado, la narradora e historiadora Emilia Pereyra y el fil\u00f3sofo Alejandro Arvelo. Cabe destacar la participaci\u00f3n de los internacionales Carles D\u00edaz (Francia), Carlos Roberto Beras (Rep. Dom. y Puerto Rico), Martha In\u00e9s V\u00e9lez (Colombia) y Paul Guill\u00e9n (Per\u00fa).<br><br>Entre los autores j\u00f3venes que disertar\u00e1n sobre temas literarios se destacan An\u00edbal Hern\u00e1ndez Medina, Heidy Lorenzo, Elisaury Su\u00e1rez, as\u00ed como los miembros de la Asociaci\u00f3n de Estudiantes de Filosof\u00eda de la UASD Julia Alejandra Rosario, Wander N\u00fa\u00f1ez y \u00c1lvaro Ram\u00edrez.<br><br>El comit\u00e9 organizador del evento est\u00e1 presidido por el escritor y publicista Isidro Jim\u00e9nez Guill\u00e9n, tambi\u00e9n es coordinador del grupo La Tutor\u00eda, quien expres\u00f3 en una trasmisi\u00f3n en vivo en su cuenta de Instagram (@isidrojimenezguillen) que el evento \u201csuple la necesidad de espacios donde podamos escuchar a los creadores y catedr\u00e1ticos que se dedican tambi\u00e9n a la investigaci\u00f3n y no solo a la creaci\u00f3n, muchas veces sin conocimiento de causa\u201d.<br><br>La IV Jornada de Reflexi\u00f3n Literaria iniciar\u00e1 sus actividades el pr\u00f3ximo viernes y s\u00e1bado en horarios de 5:00 PM a 8:30 PM.<\/p>\n\n\n\n<figure class=\"wp-block-image size-large\"><img fetchpriority=\"high\" decoding=\"async\" width=\"1024\" height=\"1024\" src=\"https:\/\/eldiarioantillano.com\/uno\/wp-content\/uploads\/2024\/12\/WhatsApp-Image-2024-12-12-at-10.08.16-PM-1-1024x1024.jpeg\" alt=\"\" class=\"wp-image-70386\" srcset=\"https:\/\/eldiarioantillano.com\/uno\/wp-content\/uploads\/2024\/12\/WhatsApp-Image-2024-12-12-at-10.08.16-PM-1-1024x1024.jpeg 1024w, https:\/\/eldiarioantillano.com\/uno\/wp-content\/uploads\/2024\/12\/WhatsApp-Image-2024-12-12-at-10.08.16-PM-1-300x300.jpeg 300w, https:\/\/eldiarioantillano.com\/uno\/wp-content\/uploads\/2024\/12\/WhatsApp-Image-2024-12-12-at-10.08.16-PM-1-150x150.jpeg 150w, https:\/\/eldiarioantillano.com\/uno\/wp-content\/uploads\/2024\/12\/WhatsApp-Image-2024-12-12-at-10.08.16-PM-1-768x768.jpeg 768w, https:\/\/eldiarioantillano.com\/uno\/wp-content\/uploads\/2024\/12\/WhatsApp-Image-2024-12-12-at-10.08.16-PM-1-585x585.jpeg 585w, https:\/\/eldiarioantillano.com\/uno\/wp-content\/uploads\/2024\/12\/WhatsApp-Image-2024-12-12-at-10.08.16-PM-1.jpeg 1080w\" sizes=\"(max-width: 1024px) 100vw, 1024px\" \/><\/figure>\n\n\n\n<figure class=\"wp-block-image size-large\"><img decoding=\"async\" width=\"1024\" height=\"1024\" src=\"https:\/\/eldiarioantillano.com\/uno\/wp-content\/uploads\/2024\/12\/WhatsApp-Image-2024-12-12-at-10.08.16-PM-2-1024x1024.jpeg\" alt=\"\" class=\"wp-image-70385\" srcset=\"https:\/\/eldiarioantillano.com\/uno\/wp-content\/uploads\/2024\/12\/WhatsApp-Image-2024-12-12-at-10.08.16-PM-2-1024x1024.jpeg 1024w, https:\/\/eldiarioantillano.com\/uno\/wp-content\/uploads\/2024\/12\/WhatsApp-Image-2024-12-12-at-10.08.16-PM-2-300x300.jpeg 300w, https:\/\/eldiarioantillano.com\/uno\/wp-content\/uploads\/2024\/12\/WhatsApp-Image-2024-12-12-at-10.08.16-PM-2-150x150.jpeg 150w, https:\/\/eldiarioantillano.com\/uno\/wp-content\/uploads\/2024\/12\/WhatsApp-Image-2024-12-12-at-10.08.16-PM-2-768x768.jpeg 768w, https:\/\/eldiarioantillano.com\/uno\/wp-content\/uploads\/2024\/12\/WhatsApp-Image-2024-12-12-at-10.08.16-PM-2-585x585.jpeg 585w, https:\/\/eldiarioantillano.com\/uno\/wp-content\/uploads\/2024\/12\/WhatsApp-Image-2024-12-12-at-10.08.16-PM-2.jpeg 1080w\" sizes=\"(max-width: 1024px) 100vw, 1024px\" \/><\/figure>\n","protected":false},"excerpt":{"rendered":"<p>Santo Domingo, Rep. Dom.- Desde el viernes 13 de hasta el s\u00e1bado 14 de diciembre&hellip;<\/p>\n","protected":false},"author":2,"featured_media":70387,"comment_status":"open","ping_status":"open","sticky":false,"template":"","format":"standard","meta":{"footnotes":""},"categories":[63,55],"tags":[],"class_list":["post-70389","post","type-post","status-publish","format-standard","has-post-thumbnail","hentry","category-cultura","category-nacionales"],"_links":{"self":[{"href":"https:\/\/eldiarioantillano.com\/uno\/wp-json\/wp\/v2\/posts\/70389","targetHints":{"allow":["GET"]}}],"collection":[{"href":"https:\/\/eldiarioantillano.com\/uno\/wp-json\/wp\/v2\/posts"}],"about":[{"href":"https:\/\/eldiarioantillano.com\/uno\/wp-json\/wp\/v2\/types\/post"}],"author":[{"embeddable":true,"href":"https:\/\/eldiarioantillano.com\/uno\/wp-json\/wp\/v2\/users\/2"}],"replies":[{"embeddable":true,"href":"https:\/\/eldiarioantillano.com\/uno\/wp-json\/wp\/v2\/comments?post=70389"}],"version-history":[{"count":1,"href":"https:\/\/eldiarioantillano.com\/uno\/wp-json\/wp\/v2\/posts\/70389\/revisions"}],"predecessor-version":[{"id":70390,"href":"https:\/\/eldiarioantillano.com\/uno\/wp-json\/wp\/v2\/posts\/70389\/revisions\/70390"}],"wp:featuredmedia":[{"embeddable":true,"href":"https:\/\/eldiarioantillano.com\/uno\/wp-json\/wp\/v2\/media\/70387"}],"wp:attachment":[{"href":"https:\/\/eldiarioantillano.com\/uno\/wp-json\/wp\/v2\/media?parent=70389"}],"wp:term":[{"taxonomy":"category","embeddable":true,"href":"https:\/\/eldiarioantillano.com\/uno\/wp-json\/wp\/v2\/categories?post=70389"},{"taxonomy":"post_tag","embeddable":true,"href":"https:\/\/eldiarioantillano.com\/uno\/wp-json\/wp\/v2\/tags?post=70389"}],"curies":[{"name":"wp","href":"https:\/\/api.w.org\/{rel}","templated":true}]}}