{"id":70253,"date":"2024-12-06T00:49:46","date_gmt":"2024-12-06T04:49:46","guid":{"rendered":"https:\/\/eldiarioantillano.com\/uno\/?p=70253"},"modified":"2024-12-06T00:49:47","modified_gmt":"2024-12-06T04:49:47","slug":"medicos-alemanes-instan-a-movilizarse-para-preservar-la-paz-y-evitar-la-tercera-guerra-mundial","status":"publish","type":"post","link":"https:\/\/eldiarioantillano.com\/uno\/2024\/12\/06\/medicos-alemanes-instan-a-movilizarse-para-preservar-la-paz-y-evitar-la-tercera-guerra-mundial\/","title":{"rendered":"M\u00e9dicos alemanes instan a movilizarse para preservar la paz y evitar la Tercera Guerra Mundial"},"content":{"rendered":"\n<p>&nbsp;5 de diciembre de 2024 (EIRNS).\u2014 En una iniciativa que no tiene precedentes, la&nbsp;<a href=\"https:\/\/www.aerzte-hippokratischer-eid.de\/de\/\" rel=\"noreferrer noopener\" target=\"_blank\">Asociaci\u00f3n M\u00e9dica Profesional del Juramento Hipocr\u00e1tico,<\/a>&nbsp;que no es la asociaci\u00f3n m\u00e9dica oficial alemana, emiti\u00f3 un llamado por internet a preservar la paz y detener el empuje hacia la Tercera Guerra Mundial, impidiendo sobre todo un cambio de gobierno en este momento cr\u00edtico que llevar\u00eda al poder al democristiano Friedrich Merz, un halc\u00f3n de la guerra que busca entregar misiles crucero Taurus a Ucrania e impedir que el Presidente electo de Estados Unidos, Donald Trump, lleve a cabo su declarada pol\u00edtica de paz.<\/p>\n\n\n\n<p>&nbsp;Lo sorprendente es que el llamado del grupo Juramento Hipocr\u00e1tico insta a Scholz y a su Partido Socialdem\u00f3crata a hacer lo que presumiblemente es impensable, a saber, aceptar que los partidos Alternativa para Alemania y Wagenknecht voten a favor de que Scholz siga siendo Canciller. Los siguientes son extractos de la declaraci\u00f3n del \u00abJuramento Hipocr\u00e1tico\u00bb:<\/p>\n\n\n\n<p>\u00abLa paz en Europa, requisito indispensable para la vida y la salud, est\u00e1 bajo una gigantesca amenaza. Cada uno de nosotros puede y debe hacer algo ahora para preservar la paz en Alemania.<\/p>\n\n\n\n<p>\u00abPor favor, llamen inmediatamente a los miembros del Parlamento, de la CDU-CSU, AFD, BSW y FDP de su circunscripci\u00f3n o de Berl\u00edn, para que dejen de lado sus fronteras partidistas y, como voto de conciencia, por as\u00ed decirlo, expresen su apoyo a Olaf Scholz el 16 de diciembre del 2024 en un voto de confianza, aunque entonces s\u00f3lo pueda gobernar con un gobierno en minor\u00eda&#8230; S\u00f3lo entonces el Presidente electo de Estados Unidos tendr\u00e1 tiempo suficiente para poner en pr\u00e1ctica sus esfuerzos de paz.<\/p>\n\n\n\n<p>\u00abSi no recibe ese voto de confianza, se llevar\u00e1n a cabo elecciones el 23 de febrero del 2025. Es casi seguro que el belicista Merz ser\u00e1 entonces electo canciller, ya que la CDU est\u00e1 actualmente por delante en las encuestas con un 34%, y por desgracia la mayor\u00eda de los alemanes todav\u00eda no son realmente conscientes de que esto ya no se trata del SPD o del CDU, la coalici\u00f3n sem\u00e1foro o la AfD, sino muy probablemente de una Guerra Mundial o la paz\u00bb.<\/p>\n","protected":false},"excerpt":{"rendered":"<p>&nbsp;5 de diciembre de 2024 (EIRNS).\u2014 En una iniciativa que no tiene precedentes, la&nbsp;Asociaci\u00f3n M\u00e9dica&hellip;<\/p>\n","protected":false},"author":2,"featured_media":70257,"comment_status":"open","ping_status":"open","sticky":false,"template":"","format":"standard","meta":{"footnotes":""},"categories":[78,52],"tags":[],"class_list":["post-70253","post","type-post","status-publish","format-standard","has-post-thumbnail","hentry","category-eirns","category-internacionales"],"_links":{"self":[{"href":"https:\/\/eldiarioantillano.com\/uno\/wp-json\/wp\/v2\/posts\/70253","targetHints":{"allow":["GET"]}}],"collection":[{"href":"https:\/\/eldiarioantillano.com\/uno\/wp-json\/wp\/v2\/posts"}],"about":[{"href":"https:\/\/eldiarioantillano.com\/uno\/wp-json\/wp\/v2\/types\/post"}],"author":[{"embeddable":true,"href":"https:\/\/eldiarioantillano.com\/uno\/wp-json\/wp\/v2\/users\/2"}],"replies":[{"embeddable":true,"href":"https:\/\/eldiarioantillano.com\/uno\/wp-json\/wp\/v2\/comments?post=70253"}],"version-history":[{"count":1,"href":"https:\/\/eldiarioantillano.com\/uno\/wp-json\/wp\/v2\/posts\/70253\/revisions"}],"predecessor-version":[{"id":70259,"href":"https:\/\/eldiarioantillano.com\/uno\/wp-json\/wp\/v2\/posts\/70253\/revisions\/70259"}],"wp:featuredmedia":[{"embeddable":true,"href":"https:\/\/eldiarioantillano.com\/uno\/wp-json\/wp\/v2\/media\/70257"}],"wp:attachment":[{"href":"https:\/\/eldiarioantillano.com\/uno\/wp-json\/wp\/v2\/media?parent=70253"}],"wp:term":[{"taxonomy":"category","embeddable":true,"href":"https:\/\/eldiarioantillano.com\/uno\/wp-json\/wp\/v2\/categories?post=70253"},{"taxonomy":"post_tag","embeddable":true,"href":"https:\/\/eldiarioantillano.com\/uno\/wp-json\/wp\/v2\/tags?post=70253"}],"curies":[{"name":"wp","href":"https:\/\/api.w.org\/{rel}","templated":true}]}}