{"id":70230,"date":"2024-12-04T01:06:47","date_gmt":"2024-12-04T05:06:47","guid":{"rendered":"https:\/\/eldiarioantillano.com\/uno\/?p=70230"},"modified":"2024-12-04T01:06:48","modified_gmt":"2024-12-04T05:06:48","slug":"vaguada-mantiene-incidencia-sobre-rd-y-hay-oleaje-peligroso-en-la-costa-norte","status":"publish","type":"post","link":"https:\/\/eldiarioantillano.com\/uno\/2024\/12\/04\/vaguada-mantiene-incidencia-sobre-rd-y-hay-oleaje-peligroso-en-la-costa-norte\/","title":{"rendered":"Vaguada mantiene incidencia sobre RD y hay oleaje peligroso en la costa norte"},"content":{"rendered":"\n<h1 class=\"wp-block-heading\">Informe del Tiempo<\/h1>\n\n\n\n<p><strong>Martes 03 de diciembre de 2024 a las 6:00 p.m. v\u00e1lido hasta el jueves 5 de diciembre de 2024 a las 6:00 p.m.<\/strong><strong>&nbsp;<\/strong><\/p>\n\n\n\n<p><strong>VAGUADA MANTIENE SU INCIDENCIA SOBRE EL PA\u00cdS\u2026 ALERTAS METEOROL\u00d3GICAS VIGENTES\u2026 OLEAJE PELIGROSO EN LA COSTA NORTE<\/strong><strong>&nbsp;<\/strong><\/p>\n\n\n\n<p>Las condiciones del tiempo seguir\u00e1n dominadas, por una vaguada frontal que se localiza al norte del pa\u00eds, la cual genera humedad e inestabilidad sobre nuestra \u00e1rea, y unida al viento del noreste, continuar\u00e1n generando un ambiente muy propicio para que durante esta noche, se presenten nublados con aguaceros de intensidad variable, entre d\u00e9biles a moderados a fuerte localmente con tronadas y r\u00e1fagas de viento, principalmente en las provincias: La Altagracia La Romana, Hato Mayor, San Pedro, El Gran Santo Domingo, San Crist\u00f3bal, Monte Plata, Santiago, San Juan, Santiago Rodr\u00edguez, entre otras cercanas.&nbsp;<\/p>\n\n\n\n<p>Se recomienda a los operadores de fr\u00e1giles y peque\u00f1as embarcaciones permanecer en puerto, desde La Bah\u00eda de Manzanillo en Monte Cristi hasta Cabo Franc\u00e9s Viejo en Mar\u00eda Trinidad S\u00e1nchez por oleaje peligroso a partir de ma\u00f1ana mi\u00e9rcoles, mientras que desde Cabo Franc\u00e9s Viejo hasta Cabo Enga\u00f1o en La Altagracia, se recomienda navegar cerca del per\u00edmetro costero por aumento del oleaje mar adentro, &nbsp;Exhortamos, estar muy atento a nuestros pr\u00f3ximos boletines.<\/p>\n\n\n\n<p>Por las lluvias pronosticadas,&nbsp;<strong>EL INDOMET mantiene<\/strong>&nbsp;<strong>ALERTAS meteorol\u00f3gicas<\/strong>, ante posibles crecidas de r\u00edos, arroyos, ca\u00f1adas, inundaciones urbanas y rurales, as\u00ed como tambi\u00e9n posibles deslizamientos de tierra. Ver tabla.<\/p>\n\n\n\n<figure class=\"wp-block-table\"><table class=\"has-fixed-layout\"><tbody><tr><td colspan=\"4\"><strong>NIVELES DE ALERTAS Y AVISOS METEOROL\u00d3GICOS<\/strong><\/td><\/tr><tr><td colspan=\"2\"><strong>ALERTA<\/strong><\/td><td><strong>AVISO<\/strong><\/td><td><strong>DESCONTINUADAS<\/strong><\/td><\/tr><tr><td><strong>Monte Cristi<\/strong><\/td><td><strong>Mar\u00eda Trinidad S\u00e1nchez<\/strong><\/td><td><strong>&nbsp;<\/strong><\/td><td><strong>&nbsp;<\/strong><\/td><\/tr><tr><td><strong>Puerto Plata<\/strong><\/td><td><strong>Hermanas Mirabal<\/strong><\/td><td><strong>&nbsp;<\/strong><\/td><td><strong>&nbsp;<\/strong><\/td><\/tr><tr><td><strong>Espaillat<\/strong><\/td><td><strong>&nbsp;<\/strong><\/td><td><strong>&nbsp;<\/strong><\/td><td><strong>&nbsp;<\/strong><\/td><\/tr><tr><td colspan=\"2\"><strong>TOTAL: 5<\/strong><\/td><td><strong>TOTAL: 0<\/strong><\/td><td><strong>TOTAL: 0<\/strong><\/td><\/tr><\/tbody><\/table><\/figure>\n\n\n\n<p><strong>Para el mi\u00e9rcoles,&nbsp;<\/strong>en la madrugada y en las horas matutinas, la interacci\u00f3n indirecta del frente fr\u00edo, provocar\u00e1 un ambiente h\u00famedo e inestable, generando nublados, lluvias d\u00e9biles a moderadas, torn\u00e1ndose fuerte en ocasiones, tormentas el\u00e9ctricas y r\u00e1fagas de viento, en poblados de Mar\u00eda Trinidad S\u00e1nchez, Espaillat, Hermanas Mirabal, Puerto Plata, Monte Cristi, Saman\u00e1. Se extender\u00e1n hacia Duarte, La Vega, Santiago, Valverde y otras cercanas, prolong\u00e1ndose en la tarde y en la noche.&nbsp;<\/p>\n\n\n\n<p><strong>Distrito Nacional:<\/strong>&nbsp;incrementos nubosos con aguaceros locales, aisladas tronadas y aisladas r\u00e1fagas de viento.<\/p>\n\n\n\n<p><strong>Santo Domingo Norte:<\/strong>&nbsp;ambiente nuboso con aguaceros locales, aisladas tronadas y aisladas &nbsp;r\u00e1fagas de viento.<\/p>\n\n\n\n<p><strong>Santo Domingo Este:<\/strong>&nbsp;incrementos nubosos con aguaceros locales, aisladas tronadas y aisladas r\u00e1fagas de viento.<\/p>\n\n\n\n<p><strong>Santo Domingo Oeste:<\/strong>&nbsp;incrementos nubosos con aguaceros locales, aisladas tronadas y aisladas r\u00e1fagas de viento.<\/p>\n\n\n\n<p>Temperatura m\u00ednima entre 20 \u00b0C y 22 \u00b0C y m\u00e1xima entre 30 \u00b0C y 32 \u00b0C.&nbsp;<\/p>\n\n\n\n<p><strong>Resumen:<\/strong>&nbsp;<strong>vaguada frontal mantiene su incidencia sobre el pa\u00eds. Aguaceros, tronadas y r\u00e1fagas de viento en localidades de&nbsp;<\/strong><strong>Hato Mayor, San Pedro de Macor\u00eds , El Gran Santo Domingo, San Crist\u00f3bal, Monte Plata, Santiago, San Juan y Santiago Rodr\u00edguez, entre otras cercanas.<\/strong><strong>&nbsp;Se mantiene las alertas meteorol\u00f3gicas por las lluvias esperadas a partir de ma\u00f1ana. Oleaje peligroso en la costa Atl\u00e1ntica (ver pronostico marino).<\/strong><strong>&nbsp;<\/strong><\/p>\n\n\n\n<p><strong>Para el jueves,<\/strong>&nbsp;el sistema frontal permanecer\u00e1 al norte de pa\u00eds y combinado con la vaguada prefrontal, estar\u00e1n generando desde la madrugada y el transcurso de la ma\u00f1ana, &nbsp;&nbsp;&nbsp;lluvias d\u00e9biles, llegando a ser moderadas a fuertes en breves ocasiones, tronadas y r\u00e1fagas de viento seguir\u00e1n sobre: Monte Cristi, Puerto Plata, Espaillat y Mar\u00eda Trinidad S\u00e1nchez principalmente. En la tarde las precipitaciones se distribuir\u00e1n sobre Saman\u00e1, Hermanas Mirabal, Hato Mayor, Santiago, San Juan, El\u00edas, Pi\u00f1a y Dajab\u00f3n.&nbsp;<\/p>\n\n\n\n<p><strong>Distrito Nacional:<\/strong>&nbsp;medio nublado en ocasiones con aguaceros locales, posibles tronadas y r\u00e1fagas de viento aisladas.<\/p>\n\n\n\n<p><strong>Gran Santo Domingo:<\/strong>&nbsp;incrementos ocasionales de la nubosidad con aguaceros locales, posibles tronadas y r\u00e1fagas de viento aisladas.&nbsp;<\/p>\n\n\n\n<figure class=\"wp-block-table\"><table class=\"has-fixed-layout\"><tbody><tr><td>PROVINCIAS<\/td><td>PRON\u00d3STICO POR LOCALIDADES<\/td><td>T. M\u00e1x. \u00b0C<\/td><td>T. M\u00edn. \u00b0C<\/td><\/tr><tr><td>Santiago<\/td><td>Parcialmente nublado con lluvias d\u00e9biles a moderadas, tronadas y aisladas r\u00e1fagas de viento.<\/td><td>30\/32<\/td><td>20\/22<\/td><\/tr><tr><td>Puerto&nbsp;Plata<\/td><td>Nublado con lluvias d\u00e9biles a moderadas, tronadas aisladas y r\u00e1fagas de viento<\/td><td>30\/32<\/td><td>19\/21<\/td><\/tr><tr><td>Duarte<\/td><td>Medio nublado con chubascos pasajeros y tronadas.<\/td><td>29\/31<\/td><td>20\/22<\/td><\/tr><tr><td>Constanza<\/td><td>Medio nublado a nublado con aguaceros moderados a fuertes, tormentas el\u00e9ctricas y r\u00e1fagas de viento.<\/td><td>26\/28<\/td><td>12\/14<\/td><\/tr><tr><td>Peravia<\/td><td>Nublado en ocasiones con aguaceros moderados en ocasiones, tormentas el\u00e9ctricas y r\u00e1fagas de viento.<\/td><td>28\/30<\/td><td>21\/23<\/td><\/tr><tr><td>San P. de Macor\u00eds<\/td><td>Nublado con aguaceros locales y aisladas tronadas.<\/td><td>28\/30<\/td><td>21\/23<\/td><\/tr><tr><td>La Romana<\/td><td>Incrementos nubosos con aguaceros locales y aisladas tronadas.<\/td><td>30\/32<\/td><td>21\/23<\/td><\/tr><tr><td>La Vega<\/td><td>Medio nublado con lluvias d\u00e9biles a moderadas, tronadas aisladas y r\u00e1fagas de viento<\/td><td>30\/32<\/td><td>19\/21<\/td><\/tr><tr><td>Monse\u00f1or Nouel<\/td><td>Medio nublado con lluvias d\u00e9biles a moderadas, tronadas aisladas y r\u00e1fagas de viento<\/td><td>29\/31<\/td><td>19\/21<\/td><\/tr><tr><td>San Crist\u00f3bal<\/td><td>Incrementos nubosos con aguaceros locales y aisladas tronadas.<\/td><td>28\/30<\/td><td>21\/23<\/td><\/tr><tr><td>Saman\u00e1<\/td><td>Chubascos moderados con tronadas.<\/td><td>28\/30<\/td><td>21\/23<\/td><\/tr><tr><td>Monte Cristi<\/td><td>Nublados con lluvias d\u00e9biles a moderadas, tronadas aisladas y r\u00e1fagas de viento<\/td><td>29\/31<\/td><td>22\/24<\/td><\/tr><tr><td>Azua<\/td><td>Medio nublado con lluvias aisladas.<\/td><td>29\/31<\/td><td>22\/24<\/td><\/tr><tr><td>San Juan<\/td><td>Nublado con lluvias d\u00e9biles a moderadas, tronadas y aisladas r\u00e1fagas de viento.<\/td><td>28\/30<\/td><td>19\/21<\/td><\/tr><tr><td>Barahona<\/td><td>Medio nublado con chubascos pasajeros.<\/td><td>30\/32<\/td><td>23\/25<\/td><\/tr><tr><td>La Altagracia<\/td><td>Incrementos nubosos con aguaceros locales y aisladas tronadas.<\/td><td>30\/32<\/td><td>23\/25<\/td><\/tr><\/tbody><\/table><\/figure>\n\n\n\n<p><strong>Meteor\u00f3logos: Damaris Mercedes\/Wagner Rivera.<\/strong><\/p>\n","protected":false},"excerpt":{"rendered":"<p>Informe del Tiempo Martes 03 de diciembre de 2024 a las 6:00 p.m. v\u00e1lido hasta&hellip;<\/p>\n","protected":false},"author":2,"featured_media":67436,"comment_status":"open","ping_status":"open","sticky":false,"template":"","format":"standard","meta":{"footnotes":""},"categories":[55],"tags":[],"class_list":["post-70230","post","type-post","status-publish","format-standard","has-post-thumbnail","hentry","category-nacionales"],"_links":{"self":[{"href":"https:\/\/eldiarioantillano.com\/uno\/wp-json\/wp\/v2\/posts\/70230","targetHints":{"allow":["GET"]}}],"collection":[{"href":"https:\/\/eldiarioantillano.com\/uno\/wp-json\/wp\/v2\/posts"}],"about":[{"href":"https:\/\/eldiarioantillano.com\/uno\/wp-json\/wp\/v2\/types\/post"}],"author":[{"embeddable":true,"href":"https:\/\/eldiarioantillano.com\/uno\/wp-json\/wp\/v2\/users\/2"}],"replies":[{"embeddable":true,"href":"https:\/\/eldiarioantillano.com\/uno\/wp-json\/wp\/v2\/comments?post=70230"}],"version-history":[{"count":1,"href":"https:\/\/eldiarioantillano.com\/uno\/wp-json\/wp\/v2\/posts\/70230\/revisions"}],"predecessor-version":[{"id":70231,"href":"https:\/\/eldiarioantillano.com\/uno\/wp-json\/wp\/v2\/posts\/70230\/revisions\/70231"}],"wp:featuredmedia":[{"embeddable":true,"href":"https:\/\/eldiarioantillano.com\/uno\/wp-json\/wp\/v2\/media\/67436"}],"wp:attachment":[{"href":"https:\/\/eldiarioantillano.com\/uno\/wp-json\/wp\/v2\/media?parent=70230"}],"wp:term":[{"taxonomy":"category","embeddable":true,"href":"https:\/\/eldiarioantillano.com\/uno\/wp-json\/wp\/v2\/categories?post=70230"},{"taxonomy":"post_tag","embeddable":true,"href":"https:\/\/eldiarioantillano.com\/uno\/wp-json\/wp\/v2\/tags?post=70230"}],"curies":[{"name":"wp","href":"https:\/\/api.w.org\/{rel}","templated":true}]}}