{"id":70108,"date":"2024-11-29T00:47:44","date_gmt":"2024-11-29T04:47:44","guid":{"rendered":"https:\/\/eldiarioantillano.com\/uno\/?p=70108"},"modified":"2024-11-29T01:34:13","modified_gmt":"2024-11-29T05:34:13","slug":"invitan-a-concierto-navideno-en-el-parque-duarte-del-reloj-este-domingo-desde-445-pm","status":"publish","type":"post","link":"https:\/\/eldiarioantillano.com\/uno\/2024\/11\/29\/invitan-a-concierto-navideno-en-el-parque-duarte-del-reloj-este-domingo-desde-445-pm\/","title":{"rendered":"Invitan a concierto navide\u00f1o en el parque Duarte (del Reloj) este domingo desde 4:45 pm"},"content":{"rendered":"\n<p>Ser\u00e1 el primer encuentro navide\u00f1o de los estudiantes y m\u00fasicos de la escuela primaria John F. Kennedy, ubicada en el barrio El Albinal de Montecristi.\u00a0<\/p>\n\n\n\n<figure class=\"wp-block-embed is-type-video is-provider-youtube wp-block-embed-youtube wp-embed-aspect-4-3 wp-has-aspect-ratio\"><div class=\"wp-block-embed__wrapper\">\n<iframe title=\"Invitan a concierto navide\u00f1o en el parque Duarte (parque del Reloj) este domingo desde las 4:45 pm\" width=\"1170\" height=\"878\" src=\"https:\/\/www.youtube.com\/embed\/-K89qEe74nE?feature=oembed\" frameborder=\"0\" allow=\"accelerometer; autoplay; clipboard-write; encrypted-media; gyroscope; picture-in-picture; web-share\" referrerpolicy=\"strict-origin-when-cross-origin\" allowfullscreen><\/iframe>\n<\/div><\/figure>\n","protected":false},"excerpt":{"rendered":"<p>Ser\u00e1 el primer encuentro navide\u00f1o de los estudiantes y m\u00fasicos de la escuela primaria John&hellip;<\/p>\n","protected":false},"author":2,"featured_media":70109,"comment_status":"open","ping_status":"open","sticky":false,"template":"","format":"standard","meta":{"footnotes":""},"categories":[63,57],"tags":[],"class_list":["post-70108","post","type-post","status-publish","format-standard","has-post-thumbnail","hentry","category-cultura","category-montecristi"],"_links":{"self":[{"href":"https:\/\/eldiarioantillano.com\/uno\/wp-json\/wp\/v2\/posts\/70108","targetHints":{"allow":["GET"]}}],"collection":[{"href":"https:\/\/eldiarioantillano.com\/uno\/wp-json\/wp\/v2\/posts"}],"about":[{"href":"https:\/\/eldiarioantillano.com\/uno\/wp-json\/wp\/v2\/types\/post"}],"author":[{"embeddable":true,"href":"https:\/\/eldiarioantillano.com\/uno\/wp-json\/wp\/v2\/users\/2"}],"replies":[{"embeddable":true,"href":"https:\/\/eldiarioantillano.com\/uno\/wp-json\/wp\/v2\/comments?post=70108"}],"version-history":[{"count":1,"href":"https:\/\/eldiarioantillano.com\/uno\/wp-json\/wp\/v2\/posts\/70108\/revisions"}],"predecessor-version":[{"id":70110,"href":"https:\/\/eldiarioantillano.com\/uno\/wp-json\/wp\/v2\/posts\/70108\/revisions\/70110"}],"wp:featuredmedia":[{"embeddable":true,"href":"https:\/\/eldiarioantillano.com\/uno\/wp-json\/wp\/v2\/media\/70109"}],"wp:attachment":[{"href":"https:\/\/eldiarioantillano.com\/uno\/wp-json\/wp\/v2\/media?parent=70108"}],"wp:term":[{"taxonomy":"category","embeddable":true,"href":"https:\/\/eldiarioantillano.com\/uno\/wp-json\/wp\/v2\/categories?post=70108"},{"taxonomy":"post_tag","embeddable":true,"href":"https:\/\/eldiarioantillano.com\/uno\/wp-json\/wp\/v2\/tags?post=70108"}],"curies":[{"name":"wp","href":"https:\/\/api.w.org\/{rel}","templated":true}]}}