{"id":70102,"date":"2024-11-28T00:00:00","date_gmt":"2024-11-28T04:00:00","guid":{"rendered":"https:\/\/eldiarioantillano.com\/uno\/?p=70102"},"modified":"2024-11-27T21:59:05","modified_gmt":"2024-11-28T01:59:05","slug":"habra-musica-a-la-vera-del-rio-con-la-banda-de-jazz-fusion-the-new-ensamble","status":"publish","type":"post","link":"https:\/\/eldiarioantillano.com\/uno\/2024\/11\/28\/habra-musica-a-la-vera-del-rio-con-la-banda-de-jazz-fusion-the-new-ensamble\/","title":{"rendered":"Habr\u00e1 M\u00daSICA A LA VERA DEL R\u00cdO con la banda de jazz fusi\u00f3n The New Ensamble"},"content":{"rendered":"\n<p>Ser\u00e1 este s\u00e1bado 30 de noviembre a las 8:00 pm en el Fuerte del \u00c1ngulo, Santa B\u00e1rbara, Zona Colonial. Y la entrada es libre.\u00a0<br><br><br><\/p>\n","protected":false},"excerpt":{"rendered":"<p>Ser\u00e1 este s\u00e1bado 30 de noviembre a las 8:00 pm en el Fuerte del \u00c1ngulo,&hellip;<\/p>\n","protected":false},"author":2,"featured_media":70086,"comment_status":"open","ping_status":"open","sticky":false,"template":"","format":"standard","meta":{"footnotes":""},"categories":[63],"tags":[],"class_list":["post-70102","post","type-post","status-publish","format-standard","has-post-thumbnail","hentry","category-cultura"],"_links":{"self":[{"href":"https:\/\/eldiarioantillano.com\/uno\/wp-json\/wp\/v2\/posts\/70102","targetHints":{"allow":["GET"]}}],"collection":[{"href":"https:\/\/eldiarioantillano.com\/uno\/wp-json\/wp\/v2\/posts"}],"about":[{"href":"https:\/\/eldiarioantillano.com\/uno\/wp-json\/wp\/v2\/types\/post"}],"author":[{"embeddable":true,"href":"https:\/\/eldiarioantillano.com\/uno\/wp-json\/wp\/v2\/users\/2"}],"replies":[{"embeddable":true,"href":"https:\/\/eldiarioantillano.com\/uno\/wp-json\/wp\/v2\/comments?post=70102"}],"version-history":[{"count":1,"href":"https:\/\/eldiarioantillano.com\/uno\/wp-json\/wp\/v2\/posts\/70102\/revisions"}],"predecessor-version":[{"id":70103,"href":"https:\/\/eldiarioantillano.com\/uno\/wp-json\/wp\/v2\/posts\/70102\/revisions\/70103"}],"wp:featuredmedia":[{"embeddable":true,"href":"https:\/\/eldiarioantillano.com\/uno\/wp-json\/wp\/v2\/media\/70086"}],"wp:attachment":[{"href":"https:\/\/eldiarioantillano.com\/uno\/wp-json\/wp\/v2\/media?parent=70102"}],"wp:term":[{"taxonomy":"category","embeddable":true,"href":"https:\/\/eldiarioantillano.com\/uno\/wp-json\/wp\/v2\/categories?post=70102"},{"taxonomy":"post_tag","embeddable":true,"href":"https:\/\/eldiarioantillano.com\/uno\/wp-json\/wp\/v2\/tags?post=70102"}],"curies":[{"name":"wp","href":"https:\/\/api.w.org\/{rel}","templated":true}]}}