{"id":70091,"date":"2024-11-28T00:00:00","date_gmt":"2024-11-28T04:00:00","guid":{"rendered":"https:\/\/eldiarioantillano.com\/uno\/?p=70091"},"modified":"2024-11-27T21:47:21","modified_gmt":"2024-11-28T01:47:21","slug":"alaban-respuesta-de-sheinbaum-a-trump-llaman-a-cerrar-filas-con-ella","status":"publish","type":"post","link":"https:\/\/eldiarioantillano.com\/uno\/2024\/11\/28\/alaban-respuesta-de-sheinbaum-a-trump-llaman-a-cerrar-filas-con-ella\/","title":{"rendered":"Alaban respuesta de Sheinbaum a Trump, llaman a cerrar filas con ella"},"content":{"rendered":"\n<p>Ciudad de M\u00e9xico, 26 nov (Prensa Latina) El secretario de Econom\u00eda de M\u00e9xico, Marcelo Ebrard, destac\u00f3 hoy la respuesta de la presidenta Claudia Sheinbaum ante las amenazas del mandatario electo de Estados Unidos, Donald Trump, y llam\u00f3 a cerrar filas con ella.<\/p>\n\n\n\n<p>\u201cFirme respuesta de la Presidenta Claudia Sheinbaum al Presidente Donald Trump. Tiempo de cerrar filas con ella. El arancel es un impuesto y da\u00f1ar\u00eda a ambos pa\u00edses. Encontraremos una soluci\u00f3n. Nos vemos ma\u00f1ana, en la ma\u00f1anera del pueblo. M\u00e9xico saldr\u00e1, una vez m\u00e1s, adelante!!\u201d, dijo en X.<\/p>\n\n\n\n<p>Durante su habitual conferencia de prensa matutina, la dignataria divulg\u00f3 este martes una carta dirigida a Trump en la cual consider\u00f3 que las amenazas y los aranceles no resolver\u00e1n el fen\u00f3meno migratorio y el consumo de drogas en el vecino pa\u00eds norte\u00f1o.<\/p>\n\n\n\n<p>\u201cNo es con amenazas ni con aranceles como se va a atender el fen\u00f3meno migratorio ni el consumo de drogas en Estados Unidos. Se requiere de cooperaci\u00f3n y entendimiento rec\u00edproco a estos grandes desaf\u00edos\u201d, expres\u00f3 Sheinbaum.<\/p>\n\n\n\n<p>A ra\u00edz de declaraciones de Trump sobre elevar los aranceles a los productos provenientes de M\u00e9xico, Canad\u00e1 y China desde el primer d\u00eda de su Gobierno, Sheinbaum advirti\u00f3 que \u201ca un arancel, vendr\u00e1 otro en respuesta, y as\u00ed, hasta que pongamos en riesgo empresas comunes\u201d.<\/p>\n\n\n\n<p>Mencion\u00f3 que entre los principales exportadores de M\u00e9xico a la vecina naci\u00f3n est\u00e1n las norteamericanas General Motors y Ford Motor Company, se pregunt\u00f3 por qu\u00e9 ponerles un impuesto y sostuvo que no es aceptable y causar\u00eda a ambos pa\u00edses inflaci\u00f3n y p\u00e9rdida de empleos.<\/p>\n\n\n\n<p>Hizo \u00e9nfasis en la pol\u00edtica integral de atenci\u00f3n a las personas migrantes desarrollada por M\u00e9xico, la cual redujo ese flujo en 75 por ciento de diciembre de 2023 a noviembre de 2024, de acuerdo con cifras de la Patrulla Fronteriza y Aduana estadounidense.<\/p>\n\n\n\n<p>La mandataria anunci\u00f3 que ma\u00f1ana estar\u00e1n presentes en la conferencia de prensa, llamada \u201cma\u00f1aneras\u201d, un Consejo de Empresarios y Ebrard.<\/p>\n\n\n\n<p>\u201cPrimero vamos a mostrar lo que significar\u00eda el incremento de aranceles para Estados Unidos, el impacto que tendr\u00eda la econom\u00eda de Estados Unidos si es que llegan a subirse aranceles\u201d, adelant\u00f3.<\/p>\n\n\n\n<p>rc\/las<\/p>\n","protected":false},"excerpt":{"rendered":"<p>Ciudad de M\u00e9xico, 26 nov (Prensa Latina) El secretario de Econom\u00eda de M\u00e9xico, Marcelo Ebrard,&hellip;<\/p>\n","protected":false},"author":2,"featured_media":70084,"comment_status":"open","ping_status":"open","sticky":false,"template":"","format":"standard","meta":{"footnotes":""},"categories":[52,53],"tags":[],"class_list":["post-70091","post","type-post","status-publish","format-standard","has-post-thumbnail","hentry","category-internacionales","category-prensa-latina"],"_links":{"self":[{"href":"https:\/\/eldiarioantillano.com\/uno\/wp-json\/wp\/v2\/posts\/70091","targetHints":{"allow":["GET"]}}],"collection":[{"href":"https:\/\/eldiarioantillano.com\/uno\/wp-json\/wp\/v2\/posts"}],"about":[{"href":"https:\/\/eldiarioantillano.com\/uno\/wp-json\/wp\/v2\/types\/post"}],"author":[{"embeddable":true,"href":"https:\/\/eldiarioantillano.com\/uno\/wp-json\/wp\/v2\/users\/2"}],"replies":[{"embeddable":true,"href":"https:\/\/eldiarioantillano.com\/uno\/wp-json\/wp\/v2\/comments?post=70091"}],"version-history":[{"count":1,"href":"https:\/\/eldiarioantillano.com\/uno\/wp-json\/wp\/v2\/posts\/70091\/revisions"}],"predecessor-version":[{"id":70092,"href":"https:\/\/eldiarioantillano.com\/uno\/wp-json\/wp\/v2\/posts\/70091\/revisions\/70092"}],"wp:featuredmedia":[{"embeddable":true,"href":"https:\/\/eldiarioantillano.com\/uno\/wp-json\/wp\/v2\/media\/70084"}],"wp:attachment":[{"href":"https:\/\/eldiarioantillano.com\/uno\/wp-json\/wp\/v2\/media?parent=70091"}],"wp:term":[{"taxonomy":"category","embeddable":true,"href":"https:\/\/eldiarioantillano.com\/uno\/wp-json\/wp\/v2\/categories?post=70091"},{"taxonomy":"post_tag","embeddable":true,"href":"https:\/\/eldiarioantillano.com\/uno\/wp-json\/wp\/v2\/tags?post=70091"}],"curies":[{"name":"wp","href":"https:\/\/api.w.org\/{rel}","templated":true}]}}