{"id":70073,"date":"2024-11-27T00:07:25","date_gmt":"2024-11-27T04:07:25","guid":{"rendered":"https:\/\/eldiarioantillano.com\/uno\/?p=70073"},"modified":"2024-11-27T13:23:48","modified_gmt":"2024-11-27T17:23:48","slug":"alto-a-la-represion-desatada-por-la-p-n-en-sfm","status":"publish","type":"post","link":"https:\/\/eldiarioantillano.com\/uno\/2024\/11\/27\/alto-a-la-represion-desatada-por-la-p-n-en-sfm\/","title":{"rendered":"\u00a1Alto a la represi\u00f3n desatada por la P.N. en SFM!"},"content":{"rendered":"\n<p>El Movimiento Caama\u00f1ista-MC condena las acciones represivas que el Gobierno de Luis Abinader y el PRM ha desatado en la laboriosa y combativa comunidad de San Francisco de Macor\u00eds, luego de la derrota que esta comunidad y sus organizaciones sociales infligieran recientemente a la plutocracia gobernante y a su cohorte de funcionarios charlatanes y corruptos, llevando a cabo un exitoso y pac\u00edfico paro de labores, a pesar de la provocadora e intimidante militarizaci\u00f3n de la ciudad.<\/p>\n\n\n\n<p>Dos hechos represivos que por el car\u00e1cter brutal y criminal de los mismos hay que denunciar y condenar especialmente, pues nos traen a la mente las im\u00e1genes horrorosas de las acciones cometidas por la Banda Colar\u00e1 de los represivos a\u00f1os del r\u00e9gimen Balaguerista o de los horrores que contra el pueblo haitiano comenten los&nbsp;&nbsp; Jimmy \u201cBarbecue\u201d Cherizier y compartes, personificados en San Francisco de Macor\u00eds por los <strong>coroneles Santana y Tineo<\/strong>.<\/p>\n\n\n\n<p>Estos hechos son los siguientes:<\/p>\n\n\n\n<p>1.-La Polic\u00eda Nacional constituida en banda criminal, de manera ilegal y en franca violaci\u00f3n y desconocimiento de los derechos humanos, se present\u00f3 a las cinco de la ma\u00f1ana en el barrio Villa Hortensia, procediendo de inmediato, sin aviso previo o presencia de representante alguno de la justicia, a destruir m\u00e1s de 30 viviendas ocupadas con familias que a\u00fan dorm\u00edan con sus hijos en el interior de las mismas.&nbsp; Esta acci\u00f3n vand\u00e1lica, despojada del m\u00e1s m\u00ednimo sentido de humanidad, fue llevada a cabo desconociendo los acuerdos que estas familias hab\u00edan arribado d\u00edas antes con las autoridades del gobierno, quienes prometieron soluci\u00f3n definitiva del conflicto mediante una negociaci\u00f3n con los alegados antiguos propietarios de los terrenos, a quienes resarcir\u00edan mediante una permuta de activos.<\/p>\n\n\n\n<p>2.-Desde hace un tiempo, el movimiento estudiantil en San Francisco de Macor\u00eds, liderados y organizado en el <strong>Frente Estudiantil Revolucionario (FER), <\/strong>ha estado llevando a cabo un programa de movilizaciones con el objetivo de llamar la atenci\u00f3n a ciertas demandas que ellos consideran necesarias para mejorar la calidad de la educaci\u00f3n, fundamentalmente en lo que se refiere al <strong>Polit\u00e9cnico Manuel Mar\u00eda Castillo:<\/strong><\/p>\n\n\n\n<ul class=\"wp-block-list\">\n<li>Construcci\u00f3n de un comedor estudiantil.<\/li>\n\n\n\n<li>Ampliaci\u00f3n del polit\u00e9cnico, con la construcci\u00f3n de nuevas aulas<\/li>\n\n\n\n<li>Remodelaci\u00f3n de la biblioteca y de los laboratorios, y<\/li>\n\n\n\n<li>Destituci\u00f3n o traslado del Director del polit\u00e9cnico.<\/li>\n<\/ul>\n\n\n\n<p>La respuesta a estas demandas, fue la incursi\u00f3n violenta en el indicado plantel educativo de una patrulla del DICRIM, quienes golpearon y apresaron a los estudiantes, la mayor\u00eda menores de edad, los amenazaron con asesinarlos si continuaban con las protestas, con el resultado grave de un estudiante herido.<\/p>\n\n\n\n<p>El Movimiento Caama\u00f1ista-MC, a la vez que denuncia y condena la ola represiva desatada contra el pueblo de San francisco de Macor\u00eds, expresa su m\u00e1s firme solidaridad y decisi\u00f3n de acompa\u00f1arlos en su justa lucha. Recordar que s\u00f3lo el pueblo salva al pueblo.<\/p>\n\n\n\n<p>Llamamos a luchar por un cambio radical, que elimine de una vez y por todas las injusticias, los abusos y las dram\u00e1ticas desigualdades sociales.<\/p>\n\n\n\n<p>En San Francisco de Macor\u00eds, no pasar\u00e1n.<\/p>\n\n\n\n<p>\u00a1Alto a la represi\u00f3n!<\/p>\n\n\n\n<p class=\"has-text-align-center\">Movimiento Caama\u00f1ista-MC<br>Coordinaci\u00f3n Nacional<\/p>\n\n\n\n<p class=\"has-text-align-center\">26 de noviembre del 2024<\/p>\n","protected":false},"excerpt":{"rendered":"<p>El Movimiento Caama\u00f1ista-MC condena las acciones represivas que el Gobierno de Luis Abinader y el&hellip;<\/p>\n","protected":false},"author":2,"featured_media":70074,"comment_status":"open","ping_status":"open","sticky":false,"template":"","format":"standard","meta":{"footnotes":""},"categories":[55],"tags":[],"class_list":["post-70073","post","type-post","status-publish","format-standard","has-post-thumbnail","hentry","category-nacionales"],"_links":{"self":[{"href":"https:\/\/eldiarioantillano.com\/uno\/wp-json\/wp\/v2\/posts\/70073","targetHints":{"allow":["GET"]}}],"collection":[{"href":"https:\/\/eldiarioantillano.com\/uno\/wp-json\/wp\/v2\/posts"}],"about":[{"href":"https:\/\/eldiarioantillano.com\/uno\/wp-json\/wp\/v2\/types\/post"}],"author":[{"embeddable":true,"href":"https:\/\/eldiarioantillano.com\/uno\/wp-json\/wp\/v2\/users\/2"}],"replies":[{"embeddable":true,"href":"https:\/\/eldiarioantillano.com\/uno\/wp-json\/wp\/v2\/comments?post=70073"}],"version-history":[{"count":3,"href":"https:\/\/eldiarioantillano.com\/uno\/wp-json\/wp\/v2\/posts\/70073\/revisions"}],"predecessor-version":[{"id":70080,"href":"https:\/\/eldiarioantillano.com\/uno\/wp-json\/wp\/v2\/posts\/70073\/revisions\/70080"}],"wp:featuredmedia":[{"embeddable":true,"href":"https:\/\/eldiarioantillano.com\/uno\/wp-json\/wp\/v2\/media\/70074"}],"wp:attachment":[{"href":"https:\/\/eldiarioantillano.com\/uno\/wp-json\/wp\/v2\/media?parent=70073"}],"wp:term":[{"taxonomy":"category","embeddable":true,"href":"https:\/\/eldiarioantillano.com\/uno\/wp-json\/wp\/v2\/categories?post=70073"},{"taxonomy":"post_tag","embeddable":true,"href":"https:\/\/eldiarioantillano.com\/uno\/wp-json\/wp\/v2\/tags?post=70073"}],"curies":[{"name":"wp","href":"https:\/\/api.w.org\/{rel}","templated":true}]}}