{"id":70069,"date":"2024-11-27T00:00:15","date_gmt":"2024-11-27T04:00:15","guid":{"rendered":"https:\/\/eldiarioantillano.com\/uno\/?p=70069"},"modified":"2024-11-27T00:06:32","modified_gmt":"2024-11-27T04:06:32","slug":"ee-uu-los-elegidos-de-donald-trump-para-su-proximo-gabinete","status":"publish","type":"post","link":"https:\/\/eldiarioantillano.com\/uno\/2024\/11\/27\/ee-uu-los-elegidos-de-donald-trump-para-su-proximo-gabinete\/","title":{"rendered":"EE.UU: Los elegidos de Donald Trump para su pr\u00f3ximo gabinete"},"content":{"rendered":"\n<p>Washington (Prensa Latina) En las primeras tres semanas despu\u00e9s de las elecciones en Estados Unidos, el presidente electo, Donald Trump, completa los principales puestos de su futuro gabinete.<\/p>\n\n\n\n<p>Los designados no son ajenos. Buena parte de ellos desfil\u00f3 con discursos en la Convenci\u00f3n Nacional Republicana celebrada en julio.<\/p>\n\n\n\n<p>Queda claro que en este segundo mandato (2025-2029) Trump apostar\u00e1 por un equipo con denominador com\u00fan: la lealtad a \u00e9l por encima de todo y eso pasa por la fidelidad a su movimiento Make America Great Again (MAGA).<\/p>\n\n\n\n<p>Adem\u00e1s, por lo que se aprecia, obtuvieron su tajada multimillonarios donantes y figuras destacadas del controversial Proyecto 2025, una agenda ultraconservadora para un eventual gobierno republicano de la que Trump se distanci\u00f3 en su campa\u00f1a electoral.<\/p>\n\n\n\n<p>\u201cCreo que la gente se desanima porque siente que la pol\u00edtica es solo un juego de ricos y que las cosas realmente no van a cambiar\u201d, advirti\u00f3 el reverendo William J. Barber II, director fundador del Centro de Teolog\u00eda P\u00fablica y Pol\u00edtica P\u00fablica de la Escuela de Teolog\u00eda de Yale, al comentar sobre el inminente regreso de Trump a la Casa Blanca.<\/p>\n\n\n\n<p>Ahora que el proceso de transici\u00f3n de poderes avanza, muchos partidarios de la candidata dem\u00f3crata Kamala Harris a\u00fan tratan de entender las fuerzas detr\u00e1s de la victoria del republicano.<\/p>\n\n\n\n<p>El religioso dijo en una entrevista concedida a la cadena estadounidense CNN estar \u201cprofundamente preocupado por este pa\u00eds\u201d y advirti\u00f3 que tanto el Partido Dem\u00f3crata como el Republicano le fallan a la clase trabajadora.<\/p>\n\n\n\n<p>Para que la gente diga que todav\u00eda lo apoya, hay algo profundamente mal en una gran parte del pa\u00eds. Y luego, lo que realmente me sorprende es la cantidad de personas que todav\u00eda eligen no votar, afirm\u00f3 el tambi\u00e9n fundador del Repairers of the Breach, un grupo que capacita a l\u00edderes luchadores por la justicia social.<\/p>\n\n\n\n<p><strong>EL PR\u00d3XIMO GABINETE<\/strong><\/p>\n\n\n\n<p>El presidente electo anunci\u00f3, el pasado 13 de noviembre, uno de los principales puestos de su pr\u00f3xima administraci\u00f3n: el senador de Florida Marco Rubio ser\u00e1 su secretario de Estado.<\/p>\n\n\n\n<p>De ser validado en el Senado, Rubio se convertir\u00e1 en el primer latino en ocupar el m\u00e1ximo puesto diplom\u00e1tico de la naci\u00f3n. Hijo de padres inmigrantes cubanos y nacido en Miami hace 53 a\u00f1os, el senador floridano es uno de los m\u00e1s activos promotores de la pol\u00edtica contra Cuba en el Capitolio.<\/p>\n\n\n\n<p>Trump design\u00f3 el propio 13 de noviembre al entonces representante de Florida Matt Gaetz, quien era miembro del ultraderechista Freedom Caucus en la C\u00e1mara Baja, como su fiscal general, pero d\u00edas despu\u00e9s decidi\u00f3 retirar su nombre ante la pol\u00e9mica que gener\u00f3 el nombramiento.<\/p>\n\n\n\n<p>En su lugar Trump coloc\u00f3 a la exfiscal general de Florida Pam Bondi, de 59 a\u00f1os, quien permaneci\u00f3 en el c\u00edrculo \u00edntimo del exmandatario (2017-2021) durante a\u00f1os y defendi\u00f3 p\u00fablicamente la \u201cgran mentira\u201d que impuls\u00f3 en 2020, de que gan\u00f3 de forma leg\u00edtima el estado en disputa de Pensilvania frente al dem\u00f3crata Joe Biden.<\/p>\n\n\n\n<p>Otro que igualmente est\u00e1 en el ojo del hurac\u00e1n es el presentador de la cadena Fox Pete Hegseth, nominado por Trump para el cargo de secretario de Defensa.<\/p>\n\n\n\n<p>Hegseth fue acusado por una mujer en 2017 de haberla agredido sexualmente, seg\u00fan un detallado informe policial que sale a relucir ahora, en el contexto de su eventual salto de una cadena de noticias a jefe del Pent\u00e1gono.<\/p>\n\n\n\n<p>Coincidentemente Gaetz, Hegseth y el mismo presidente electo han tenido problemas de faldas. Trump fue declarado culpable y sentenciado en enero a pagar 83,3 millones de d\u00f3lares por difamaci\u00f3n a una columnista de una revista que lo demand\u00f3 por asalto sexual.<\/p>\n\n\n\n<p>La escritora y periodista E. Jean Carroll denunci\u00f3 por la v\u00eda civil a Trump, a quien acus\u00f3 de violaci\u00f3n por un ataque ocurrido en la d\u00e9cada de 1990 en el interior de una tienda departamental de lujo de Nueva York.<\/p>\n\n\n\n<p><strong>M\u00c1S NOMBRES DE LOS LEALES<\/strong><\/p>\n\n\n\n<p>La exrepresentante Tulsi Gabbard (que cambi\u00f3 de dem\u00f3crata a republicana) ser\u00e1 la directora de Inteligencia Nacional; John Ratcliffe, el director de la Agencia Central de Inteligencia (CIA), y la gobernadora de Dakota del Sur, Kristi Noem, secretaria de Seguridad Nacional.<\/p>\n\n\n\n<p>Mientras, Tom Homan ser\u00e1 el llamado zar de la frontera con la nominaci\u00f3n como director del Servicio de Inmigraci\u00f3n y Control de Aduanas; y el multimillonario Scott Bessent ocupar\u00e1 el puesto clave de secretario del Departamento del Tesoro.<\/p>\n\n\n\n<p>Tambi\u00e9n nomin\u00f3 a Sean Duffy como secretario de Transporte; Stephen Miller como subdirector de gabinete de Pol\u00edticas de la Casa Blanca, y al representante republicano por Florida Mike Waltz como asesor de Seguridad Nacional.<\/p>\n\n\n\n<p>Para la representante Elise Stefanik, de Nueva York, ser\u00e1 el puesto de embajadora ante las Naciones Unidas, y Lee Zeldin administrar\u00e1 la Agencia de Protecci\u00f3n Ambiental.<\/p>\n\n\n\n<p>Trump hasta se invent\u00f3 un nuevo departamento, el de Eficiencia del Gobierno que dirigir\u00e1n el magnate Elon Musk y el empresario Vivek Ramaswamy; en tanto, el excandidato independiente Robert F. Kennedy Jr. recibir\u00e1 su recompensa: ser\u00e1 el secretario de Salud y Servicios Humanos.<\/p>\n\n\n\n<p>Para secretaria del Departamento de Agricultura eligi\u00f3 a Brooke L. Rollins; a Scott Turner (un exjugador de la Liga de F\u00fatbol Americano) lo design\u00f3 secretario de Vivienda y Desarrollo Urbano; Howard Lutnick, secretario de Comercio; Chris Wright; secretario de Energ\u00eda, y Douglas Collins, secretario de Asuntos de Veteranos.<\/p>\n\n\n\n<p>Como secretaria de Educaci\u00f3n design\u00f3 a Linda McMahon, amiga y financiadora, y una ejecutiva sin formaci\u00f3n docente ni experiencia profesional en la direcci\u00f3n de la pol\u00edtica educativa, rese\u00f1\u00f3 el diario The New York Times.<\/p>\n\n\n\n<p>Marty Makary ir\u00e1 para la Administraci\u00f3n de Alimentos y Medicamentos; el excongresista Dave Weldon como director de los Centros para el Control y Prevenci\u00f3n de Enfermedades y el doctor Mehmet Oz administrar\u00e1 los Centros de Servicios de Medicare y Medicaid.<\/p>\n\n\n\n<p>Adem\u00e1s, la doctora Janette Nesheiwat ser\u00e1 la directora general de Salud; la representante Lori Chavez-DeRemer secretaria de Trabajo y el coautor del controvertido y conservador Proyecto 2025 Russell Vought dirigir\u00e1 la oficina de presupuesto.<\/p>\n\n\n\n<p>Por su parte, el exgobernador de Arkansas Mike Huckabee se desempe\u00f1ar\u00e1 como su embajador en Israel; Steven Cheung ser\u00e1 director de comunicaciones de la Casa Blanca y para secretaria de prensa reserv\u00f3 a Karoline Leavitt.<\/p>\n\n\n\n<p>Leavitt, de 27 a\u00f1os, se desempe\u00f1\u00f3 como portavoz de su campa\u00f1a y a partir del 20 de enero de 2025 jugar\u00e1 uno de los roles m\u00e1s visibles de la nueva Administraci\u00f3n.<\/p>\n\n\n\n<p>Tambi\u00e9n trascendi\u00f3 que Sergio Gor, el aliado de Trump, ser\u00e1 su asistente y director de personal presidencial y que Susie Wiles, copresidenta de su campa\u00f1a, fungir\u00e1 como jefa de Gabinete en la mansi\u00f3n ejecutiva.<\/p>\n\n\n\n<p><strong>PARADOJAS DE LA DEMOCRACIA<\/strong><\/p>\n\n\n\n<p>\u201c\u00bfQu\u00e9 tiene nuestra sociedad que puede ver a alguien que se inclina por el fascismo y no hay un esfuerzo total para llegar a las urnas y decir que no?\u201d, se cuestion\u00f3 el reverendo William J. Barber II en la entrevista con la CNN.<\/p>\n\n\n\n<p>Si nos fijamos en los dos debates (presidencial y vicepresidencial de 2024), acot\u00f3, a ning\u00fan candidato se le pregunt\u00f3 c\u00f3mo afectar\u00edan sus pol\u00edticas a los problemas de las personas que mueren todos los d\u00edas por la pobreza y los bajos salarios.<\/p>\n\n\n\n<p>A ning\u00fan candidato se le pregunt\u00f3 si aumentar\u00edan el salario m\u00ednimo, que no hemos incrementado en 15 a\u00f1os, sentenci\u00f3 al recalcar que \u201clos debates descartan a mucha gente\u201d.<\/p>\n\n\n\n<p>En el momento de escribir este art\u00edculo, Donald Trump ha recibido 76 millones 838 mil 984 votos (50 por ciento) y Kamala Harris, 74 millones 327 mil 659 (48.4 por ciento) en las elecciones presidenciales de Estados Unidos.<\/p>\n\n\n\n<p>El recuento final de Trump ser\u00e1 solo ligeramente superior que el total cuatro a\u00f1os atr\u00e1s (74,2 millones de votos), pero Harris experiment\u00f3 una ca\u00edda que algunos expertos calificaron de \u201cdesastrosa\u201d con respecto a los 81,2 millones de votos de Biden en 2020, y esto a pesar del hecho de que la poblaci\u00f3n con derecho a sufragio aument\u00f3 en cuatro millones.<\/p>\n\n\n\n<p>M\u00e1s de 30 millones de personas pobres y de bajos salarios que viven en Estados Unidos no votaron el 5 de noviembre porque consideraron que nadie habl\u00f3 por ellos ni de sus problemas.<\/p>\n\n\n\n<p>arb\/dfm<\/p>\n","protected":false},"excerpt":{"rendered":"<p>Washington (Prensa Latina) En las primeras tres semanas despu\u00e9s de las elecciones en Estados Unidos,&hellip;<\/p>\n","protected":false},"author":2,"featured_media":70070,"comment_status":"open","ping_status":"open","sticky":false,"template":"","format":"standard","meta":{"footnotes":""},"categories":[52,53],"tags":[],"class_list":["post-70069","post","type-post","status-publish","format-standard","has-post-thumbnail","hentry","category-internacionales","category-prensa-latina"],"_links":{"self":[{"href":"https:\/\/eldiarioantillano.com\/uno\/wp-json\/wp\/v2\/posts\/70069","targetHints":{"allow":["GET"]}}],"collection":[{"href":"https:\/\/eldiarioantillano.com\/uno\/wp-json\/wp\/v2\/posts"}],"about":[{"href":"https:\/\/eldiarioantillano.com\/uno\/wp-json\/wp\/v2\/types\/post"}],"author":[{"embeddable":true,"href":"https:\/\/eldiarioantillano.com\/uno\/wp-json\/wp\/v2\/users\/2"}],"replies":[{"embeddable":true,"href":"https:\/\/eldiarioantillano.com\/uno\/wp-json\/wp\/v2\/comments?post=70069"}],"version-history":[{"count":1,"href":"https:\/\/eldiarioantillano.com\/uno\/wp-json\/wp\/v2\/posts\/70069\/revisions"}],"predecessor-version":[{"id":70071,"href":"https:\/\/eldiarioantillano.com\/uno\/wp-json\/wp\/v2\/posts\/70069\/revisions\/70071"}],"wp:featuredmedia":[{"embeddable":true,"href":"https:\/\/eldiarioantillano.com\/uno\/wp-json\/wp\/v2\/media\/70070"}],"wp:attachment":[{"href":"https:\/\/eldiarioantillano.com\/uno\/wp-json\/wp\/v2\/media?parent=70069"}],"wp:term":[{"taxonomy":"category","embeddable":true,"href":"https:\/\/eldiarioantillano.com\/uno\/wp-json\/wp\/v2\/categories?post=70069"},{"taxonomy":"post_tag","embeddable":true,"href":"https:\/\/eldiarioantillano.com\/uno\/wp-json\/wp\/v2\/tags?post=70069"}],"curies":[{"name":"wp","href":"https:\/\/api.w.org\/{rel}","templated":true}]}}