{"id":70053,"date":"2024-11-26T00:05:00","date_gmt":"2024-11-26T04:05:00","guid":{"rendered":"https:\/\/eldiarioantillano.com\/uno\/?p=70053"},"modified":"2024-11-25T22:51:02","modified_gmt":"2024-11-26T02:51:02","slug":"cultura-y-promipyme-lanzan-fondo-de-rd500-millones-para-impulsar-economia-creativa","status":"publish","type":"post","link":"https:\/\/eldiarioantillano.com\/uno\/2024\/11\/26\/cultura-y-promipyme-lanzan-fondo-de-rd500-millones-para-impulsar-economia-creativa\/","title":{"rendered":"Cultura y Promipyme lanzan fondo de RD$500 millones para impulsar econom\u00eda creativa"},"content":{"rendered":"\n<p><strong>Santo Domingo. &#8211;<\/strong>&nbsp;En una ambiciosa apuesta por fortalecer el sector creativo del pa\u00eds, el Ministerio de Cultura (MINC) y el Consejo Nacional para la Promoci\u00f3n y Apoyo a la Micro, Peque\u00f1a y Mediana Empresa (Promipyme) han acordado destinar RD$500 millones para la creaci\u00f3n de un fondo dirigido a impulsar el desarrollo de la econom\u00eda creativa.<\/p>\n\n\n\n<p>Esta iniciativa, que responde al acuerdo de colaboraci\u00f3n firmado entre ambas instituciones, se constituye en un gran logro de la actual gesti\u00f3n cultural, ya que propiciar\u00e1 el acceso a financiamiento a emprendedores y empresas creativas, con el objetivo de estimular la innovaci\u00f3n cultural y art\u00edstica en el pa\u00eds.&nbsp;<\/p>\n\n\n\n<p>La informaci\u00f3n la dieron a conocer durante una rueda de prensa encabezada por la ministra de Cultura, Milagros Germ\u00e1n, y el director general del Consejo Nacional para la Promoci\u00f3n y Apoyo a la Micro, Peque\u00f1a y Mediana Empresa (Promipyme), Fabricio G\u00f3mez Mazara.<\/p>\n\n\n\n<p>Al referirse al impacto de este programa, la ministra Germ\u00e1n expres\u00f3&nbsp;que el acceso al financiamiento ha sido uno de los mayores retos hist\u00f3ricos para el sector de las industrias creativas durante d\u00e9cadas, y que los artistas y emprendedores creativos han enfrentado barreras estructurales que limitan su capacidad de transformar su talento en sostenibilidad econ\u00f3mica.<\/p>\n\n\n\n<p>\u201cEsta primera etapa de financiamiento a las industrias creativas priorizar\u00e1 actividades intensivas en capital humano y con una alta carga simb\u00f3lica y social, dentro de las que se destacan presentaciones art\u00edsticas, festivales, dise\u00f1o, producci\u00f3n audiovisual, artes esc\u00e9nicas, artesan\u00eda y fabricaci\u00f3n de instrumentos musicales\u201d, destac\u00f3.<\/p>\n\n\n\n<p>Por su parte, G\u00f3mez Mazara indic\u00f3&nbsp;que el programa tiene el objetivo de potenciar una econom\u00eda que tradicionalmente no es priorizada por el sector financiero.&nbsp;<\/p>\n\n\n\n<p>\u201cCon este programa buscamos impactar a industrias creativas para que los artistas cuenten con la liquidez necesaria para que puedan preocuparse de lo esencial que son sus actividades art\u00edsticas\u201d, manifest\u00f3.<\/p>\n\n\n\n<p>El fondo de RD$500 millones ofrecer\u00e1 cr\u00e9ditos con condiciones favorables, como tasas de inter\u00e9s desde un 12 %, plazos de hasta 60 meses y hasta tres meses de gracia para iniciar los pagos.&nbsp;<\/p>\n\n\n\n<p>Esta primera etapa del programa estar\u00e1 enfocada en financiar personas f\u00edsicas y empresas que desarrollen actividades relacionadas con la econom\u00eda creativa, como festivales, dise\u00f1o, producci\u00f3n audiovisual, artes esc\u00e9nicas, artesan\u00eda y fabricaci\u00f3n de instrumentos musicales, entre otras.<\/p>\n\n\n\n<p>Con la habilitaci\u00f3n de este fondo se busca canalizar m\u00e1s recursos hacia estos segmentos, garantizando que los emprendedores creativos tengan la liquidez necesaria para desarrollar sus proyectos sin enfrentar interrupciones en las etapas cr\u00edticas de creaci\u00f3n.<\/p>\n\n\n\n<p>El fondo permitir\u00e1 cubrir los per\u00edodos de producci\u00f3n y creaci\u00f3n, donde los retornos econ\u00f3micos son limitados, asegurando que estos emprendimientos puedan alcanzar su m\u00e1ximo potencial.&nbsp;<\/p>\n\n\n\n<p><strong>Criterios de inclusi\u00f3n<\/strong><\/p>\n\n\n\n<p>El programa priorizar\u00e1 proyectos que involucren actividades intensivas en capital humano, como festivales culturales, espect\u00e1culos teatrales y eventos musicales, buscando as\u00ed promover el talento local. Adem\u00e1s, se han establecido criterios de inclusi\u00f3n para fomentar la participaci\u00f3n de mujeres y j\u00f3venes emprendedores, ampliando las oportunidades de acceso a financiamiento para todos los sectores de la sociedad.&nbsp;<\/p>\n\n\n\n<p>Entre las condiciones del fondo se destaca que los beneficiarios deber\u00e1n tener entre 18 y 65 a\u00f1os. Cada solicitud ser\u00e1 evaluada de forma individual, atendiendo a las particularidades de cada proyecto, y los desembolsos se realizar\u00e1n de acuerdo con las necesidades espec\u00edficas de cada emprendimiento.&nbsp;<\/p>\n\n\n\n<p>La iniciativa lanzada entre el MINC y Promipyme no solo busca ofrecer recursos financieros, sino tambi\u00e9n posicionar a la Rep\u00fablica Dominicana como un referente en la promoci\u00f3n de la econom\u00eda naranja.<\/p>\n","protected":false},"excerpt":{"rendered":"<p>Santo Domingo. &#8211;&nbsp;En una ambiciosa apuesta por fortalecer el sector creativo del pa\u00eds, el Ministerio&hellip;<\/p>\n","protected":false},"author":2,"featured_media":62672,"comment_status":"open","ping_status":"open","sticky":false,"template":"","format":"standard","meta":{"footnotes":""},"categories":[63,55],"tags":[],"class_list":["post-70053","post","type-post","status-publish","format-standard","has-post-thumbnail","hentry","category-cultura","category-nacionales"],"_links":{"self":[{"href":"https:\/\/eldiarioantillano.com\/uno\/wp-json\/wp\/v2\/posts\/70053","targetHints":{"allow":["GET"]}}],"collection":[{"href":"https:\/\/eldiarioantillano.com\/uno\/wp-json\/wp\/v2\/posts"}],"about":[{"href":"https:\/\/eldiarioantillano.com\/uno\/wp-json\/wp\/v2\/types\/post"}],"author":[{"embeddable":true,"href":"https:\/\/eldiarioantillano.com\/uno\/wp-json\/wp\/v2\/users\/2"}],"replies":[{"embeddable":true,"href":"https:\/\/eldiarioantillano.com\/uno\/wp-json\/wp\/v2\/comments?post=70053"}],"version-history":[{"count":1,"href":"https:\/\/eldiarioantillano.com\/uno\/wp-json\/wp\/v2\/posts\/70053\/revisions"}],"predecessor-version":[{"id":70054,"href":"https:\/\/eldiarioantillano.com\/uno\/wp-json\/wp\/v2\/posts\/70053\/revisions\/70054"}],"wp:featuredmedia":[{"embeddable":true,"href":"https:\/\/eldiarioantillano.com\/uno\/wp-json\/wp\/v2\/media\/62672"}],"wp:attachment":[{"href":"https:\/\/eldiarioantillano.com\/uno\/wp-json\/wp\/v2\/media?parent=70053"}],"wp:term":[{"taxonomy":"category","embeddable":true,"href":"https:\/\/eldiarioantillano.com\/uno\/wp-json\/wp\/v2\/categories?post=70053"},{"taxonomy":"post_tag","embeddable":true,"href":"https:\/\/eldiarioantillano.com\/uno\/wp-json\/wp\/v2\/tags?post=70053"}],"curies":[{"name":"wp","href":"https:\/\/api.w.org\/{rel}","templated":true}]}}