{"id":70051,"date":"2024-11-26T00:01:00","date_gmt":"2024-11-26T04:01:00","guid":{"rendered":"https:\/\/eldiarioantillano.com\/uno\/?p=70051"},"modified":"2024-11-25T22:47:32","modified_gmt":"2024-11-26T02:47:32","slug":"guerra-nuclear-aniquilaria-la-humanidad","status":"publish","type":"post","link":"https:\/\/eldiarioantillano.com\/uno\/2024\/11\/26\/guerra-nuclear-aniquilaria-la-humanidad\/","title":{"rendered":"Guerra nuclear aniquilar\u00eda la humanidad"},"content":{"rendered":"\n<p>Por ENRIQUE A. S\u00c1NCHEZ<\/p>\n\n\n\n<p>La paz mundial est\u00e1 al borde de una desaparici\u00f3n&nbsp; de la especie humana, de no haber otra soluci\u00f3n que no sea la de usar armas nucleares para estos fines y sin vuelta atr\u00e1s, ya que desde el momento mismo en que se utilice la primera arma nuclear&nbsp; es el fin de la humanidad.<\/p>\n\n\n\n<p>Por otro lado se ha informado que Suecia y Finlandia piden a sus ciudadanos que se preparen para la guerra. A trav\u00e9s de un folleto con instrucciones para actuar en caso de conflicto armado entre Ucrania y Rusia, el mismo servir\u00eda de referencia para la poblaci\u00f3n de ambos pa\u00edses.<\/p>\n\n\n\n<p>En cuanto a que de ser ciertas dichas advertencia&nbsp; a los suecos y finlandeses, el presidente Putin amenaza con el despliegue nuclear si la OTAN instala bases en Suecia y Finlandia.<\/p>\n\n\n\n<p>Suecia comenz\u00f3 a enviar panfletos a sus ciudadanos, inst\u00e1ndoles prepararse para la posibilidad de una guerra, mientras que Finlandia lanz\u00f3 un sitio web que recopila consejos \u00fatiles en caso de conflictos b\u00e9licos.<\/p>\n\n\n\n<p>Ambos pa\u00edses abandonaron hace d\u00e9cadas de no alineamiento militar para unirse a la OTAN tras la invasi\u00f3n rusa de Ucrania en el 2022.<\/p>\n\n\n\n<p>Desde que estall\u00f3 la guerra entre Rusia y Ucrania informa Afp, Suecia se ha dirigido a su poblaci\u00f3n repetidamente para que se prepare mental y log\u00edsticamente ante la posibilidad de una guerra.&nbsp;&nbsp;&nbsp;&nbsp;&nbsp;<\/p>\n\n\n\n<p>No es exagerado decir que el mundo est\u00e1 experimentando actualmente la crisis m\u00e1s profunda de toda su historia, aunque s\u00f3lo sea por la realidad de que si alguna de las guerras regionales se convirtiera en una guerra global, la existencia, y casi segura, utilizaci\u00f3n de armas nucleares llevar\u00eda a la aniquilaci\u00f3n de la especie humana.<\/p>\n\n\n\n<p>No cabe esperar que las elecciones presidenciales estadounidenses resuelvan ese peligro. Dependiendo de qui\u00e9n gane las elecciones, puede que se suavice este o aquel aspecto, pero permanecer\u00e1 la causa subyacente de la crisis en su conjunto, el axioma err\u00f3neo de la geopol\u00edtica.<\/p>\n\n\n\n<p>El 30 de octubre, el Comisionado General de la UNRWA, Philippe Lazzarini, public\u00f3 en X su carta del 28 de octubre al presidente de la Asamblea General de la ONU, con el siguiente prefacio: \u201cHoy, cuando miramos los rostros de los ni\u00f1os de Gaza, algunos de los cuales sabemos que morir\u00e1n ma\u00f1ana, el orden internacional basado en reglas se desmorona en una repetici\u00f3n de los horrores que llevaron a la creaci\u00f3n de las Naciones Unidas, y en violaci\u00f3n de los compromisos para evitar que se repitan\u201d. Hacer ese paralelismo hist\u00f3rico es una acusaci\u00f3n descarnada, pero \u00bfqui\u00e9n quiere discutirla?<\/p>\n\n\n\n<p>No es s\u00f3lo el derecho internacional el que est\u00e1 quedando sepultado bajo el \u201corden basado en reglas\u201d que se desmorona, sino que el doble lenguaje orwelliano y el doble rasero est\u00e1n delatando la naturaleza sist\u00e9mica de la crisis. \u00bfAd\u00f3nde hemos llegado, si el Primer ministro de Hungr\u00eda, Viktor Orb\u00e1n, puede se\u00f1alar pruebas de que la Comisi\u00f3n de la Uni\u00f3n Europea est\u00e1 intentando un \u201ccambio de r\u00e9gimen\u201d contra uno de sus Estados miembros? \u00bfSi esa misma Comisi\u00f3n de la UE asegura que Ucrania est\u00e1 avanzando en el cumplimiento de los requisitos para incorporarse a la UE, ignorando su cancelaci\u00f3n de las elecciones y la ilegalizaci\u00f3n de partidos y religiones? \u00bfY si esa Comisi\u00f3n de la UE amenaza a Georgia con poner fin a todas las negociaciones, si Georgia no rompe con Rusia?<\/p>\n\n\n\n<p>\u00bfEst\u00e1 Rusia \u201caislada\u201d, cuando una gran parte de la Mayor\u00eda Global se re\u00fane en Kaz\u00e1n, haciendo planes esperanzadores para el futuro, basados en los Cinco Principios de Coexistencia Pac\u00edfica, y comprometi\u00e9ndose en planes de desarrollo a largo plazo? \u00bfY en cuanto a qui\u00e9n se est\u00e1 aislando, qu\u00e9 significa una votaci\u00f3n de la Asamblea General de la ONU con un saldo de 187-2 a favor de anular las sanciones de Estados Unidos contra Cuba, en la que s\u00f3lo Estados Unidos e Israel votaron a favor de mantener esas sanciones?<\/p>\n\n\n\n<p>Si no superamos el mal de la geopol\u00edtica, que dio lugar a dos guerras mundiales en el siglo 20, existe el peligro de que el mundo se divida en dos bloques separados, una OTAN Global por un lado, y una Mayor\u00eda Global del BRICS-Plus por el otro. En ese caso, nos enfrentamos no s\u00f3lo al caos econ\u00f3mico, sino al peligro inmediato de una conflagraci\u00f3n nuclear mundial.<\/p>\n\n\n\n<p>La Cumbre de Kaz\u00e1n de las naciones del BRICS representa un hito en el esfuerzo por superar para siempre la era de 500 a\u00f1os de colonialismo, y establecer un orden econ\u00f3mico mundial m\u00e1s justo y equitativo, que supere la pobreza y el subdesarrollo, y cree pa\u00edses de ingresos medios en todo el planeta.<\/p>\n\n\n\n<p>La manera obvia y f\u00e1cil de superar el peligro de guerra y enfrentamiento es, naturalmente, convencer a los pa\u00edses del Occidente Colectivo, las naciones europeas y a Estados Unidos, de que adopten un modo de cooperaci\u00f3n con esta creciente Mayor\u00eda Global. Si Occidente se uniera al BRICS y ayudara al Sur Global a industrializarse, no s\u00f3lo podr\u00edamos poner fin a la competencia geopol\u00edtica, sino que tambi\u00e9n podr\u00edamos empezar a superar la crisis migratoria de la \u00fanica manera humana: creando condiciones en las que las personas que ahora son refugiados tengan, en cambio, la perspectiva de participar en la construcci\u00f3n de sus propios pa\u00edses de origen.<\/p>\n\n\n\n<p>Para que esto sea posible necesitamos establecer una nueva arquitectura internacional de seguridad y desarrollo, que tenga en cuenta los intereses de todos y cada uno de los pa\u00edses del planeta, siguiendo la tradici\u00f3n de la Paz de Westfalia, que puso fin a 150 a\u00f1os de guerra religiosa en Europa, porque las partes beligerantes se dieron cuenta de que no quedar\u00eda nadie vivo si continuaba la lucha. \u00a1Cu\u00e1nta m\u00e1s verdad es esto en la era de las armas termonucleares!<\/p>\n\n\n\n<p>Para poner sobre el tapete esa nueva arquitectura, el Instituto Schiller tiene previsto convocar una conferencia en Internet los d\u00edas 7 y 8 de diciembre, con destacados representantes y expertos del Occidente colectivo y del Sur Global, para debatir los principios en los que debe basarse. Y tambi\u00e9n queremos a\u00f1adir un ejemplo del di\u00e1logo de culturas y civilizaciones, con bellos ejemplos de gran arte, para mostrar el camino hacia el establecimiento de una civilizaci\u00f3n basada, no en el odio, sino en el amor y la paz verdadera.<\/p>\n","protected":false},"excerpt":{"rendered":"<p>Por ENRIQUE A. S\u00c1NCHEZ La paz mundial est\u00e1 al borde de una desaparici\u00f3n&nbsp; de la&hellip;<\/p>\n","protected":false},"author":2,"featured_media":64937,"comment_status":"open","ping_status":"open","sticky":false,"template":"","format":"standard","meta":{"footnotes":""},"categories":[50,52,51],"tags":[],"class_list":["post-70051","post","type-post","status-publish","format-standard","has-post-thumbnail","hentry","category-enrique-a-sanchez","category-internacionales","category-opinion"],"_links":{"self":[{"href":"https:\/\/eldiarioantillano.com\/uno\/wp-json\/wp\/v2\/posts\/70051","targetHints":{"allow":["GET"]}}],"collection":[{"href":"https:\/\/eldiarioantillano.com\/uno\/wp-json\/wp\/v2\/posts"}],"about":[{"href":"https:\/\/eldiarioantillano.com\/uno\/wp-json\/wp\/v2\/types\/post"}],"author":[{"embeddable":true,"href":"https:\/\/eldiarioantillano.com\/uno\/wp-json\/wp\/v2\/users\/2"}],"replies":[{"embeddable":true,"href":"https:\/\/eldiarioantillano.com\/uno\/wp-json\/wp\/v2\/comments?post=70051"}],"version-history":[{"count":1,"href":"https:\/\/eldiarioantillano.com\/uno\/wp-json\/wp\/v2\/posts\/70051\/revisions"}],"predecessor-version":[{"id":70052,"href":"https:\/\/eldiarioantillano.com\/uno\/wp-json\/wp\/v2\/posts\/70051\/revisions\/70052"}],"wp:featuredmedia":[{"embeddable":true,"href":"https:\/\/eldiarioantillano.com\/uno\/wp-json\/wp\/v2\/media\/64937"}],"wp:attachment":[{"href":"https:\/\/eldiarioantillano.com\/uno\/wp-json\/wp\/v2\/media?parent=70051"}],"wp:term":[{"taxonomy":"category","embeddable":true,"href":"https:\/\/eldiarioantillano.com\/uno\/wp-json\/wp\/v2\/categories?post=70051"},{"taxonomy":"post_tag","embeddable":true,"href":"https:\/\/eldiarioantillano.com\/uno\/wp-json\/wp\/v2\/tags?post=70051"}],"curies":[{"name":"wp","href":"https:\/\/api.w.org\/{rel}","templated":true}]}}