{"id":70025,"date":"2024-11-25T00:01:00","date_gmt":"2024-11-25T04:01:00","guid":{"rendered":"https:\/\/eldiarioantillano.com\/uno\/?p=70025"},"modified":"2024-11-24T22:59:43","modified_gmt":"2024-11-25T02:59:43","slug":"trump-es-un-sintoma-1","status":"publish","type":"post","link":"https:\/\/eldiarioantillano.com\/uno\/2024\/11\/25\/trump-es-un-sintoma-1\/","title":{"rendered":"Trump es un s\u00edntoma (1)"},"content":{"rendered":"\n<p>Por ESTHER HERN\u00c1NDEZ MEDINA<\/p>\n\n\n\n<p>No se los voy a negar. Las elecciones del pasado 5 de noviembre en EEUU son causa de preocupaci\u00f3n para quienes intentamos construir sociedades m\u00e1s justas donde quepa todo el mundo. El fen\u00f3meno Trump es un s\u00edntoma o reflejo del avance de los grupos m\u00e1s conservadores y fascistas en EEUU y en muchos pa\u00edses (incluyendo el nuestro) y su reelecci\u00f3n nos ofrece varias lecciones que necesitamos aprender para poder llegar a construir esas sociedades. Para m\u00ed la lecci\u00f3n principal, como les comentaba en una&nbsp;<a href=\"https:\/\/acento.com.do\/opinion\/kamala-harris-y-la-resistencia-a-un-mundo-nuevo-9374462.html\">columna anterior<\/a>, es que en estas elecciones la motivaci\u00f3n de mucha gente fue el querer volver a un mundo que ya no existe: un mundo antidemocr\u00e1tico y jer\u00e1rquico en el que las mujeres eran propiedad de los hombres y las minor\u00edas (y en nuestro caso mayor\u00edas) de personas de color no eran consideradas personas.<\/p>\n\n\n\n<p>Es lo que en otro escrito analic\u00e9 con el concepto de \u201c<a href=\"https:\/\/acento.com.do\/opinion\/el-miedo-a-la-libertad-el-autoritarismo-y-el-codigo-penal-9366881.html\">el miedo a la libertad<\/a>\u201d de Erich Fromm, el soci\u00f3logo y psic\u00f3logo que explic\u00f3 el ascenso del nazismo y el fascismo como situaciones en las que los seres humanos preferimos renunciar a nuestra libertad por temor a la incertidumbre y a la gran responsabilidad que representa tomar nuestras propias decisiones. De hecho, Robert Paxton, el historiador del fascismo m\u00e1s conocido en EEUU, no solo define a Trump como fascista sino que destac\u00f3 hace poco que \u201cel fen\u00f3meno Trump tiene una base social mucho m\u00e1s s\u00f3lida\u201d que la que tuvieron Hitler y Mussolini.<\/p>\n\n\n\n<p>Para Paxton el fascismo es \u201cuna forma de conducta pol\u00edtica marcada por una preocupaci\u00f3n obsesiva con el declive de la comunidad\u2026 y con cultos compensatorios de unidad, energ\u00eda y pureza, en los que un partido de masas de comprometidos militantes nacionalistas, en una colaboraci\u00f3n inc\u00f3moda pero efectiva con las \u00e9lites tradicionales, abandona las libertades democr\u00e1ticas y persigue metas de limpieza interna y expansi\u00f3n externa haciendo uso de la violencia\u2026 y sin restricciones \u00e9ticas o legales\u201d. Trump hace mucho que abandon\u00f3, si alguna vez lo tuvo, su compromiso con la democracia como vimos con el fallido golpe de Estado que lider\u00f3 en enero del 2021. Y el hecho de que haya logrado nuevamente ser elegido para conducir el pa\u00eds, tal y como Hitler fue elegido la primera vez que accedi\u00f3 al poder en Alemania, no pinta nada bien para la democracia y los derechos humanos en EEUU y en el mundo.<\/p>\n\n\n\n<p>Por eso he decidido tratar el tema de lo que Trump representa de forma m\u00e1s amplia en dos entregas. En esta primera entrega, les comento mis impresiones sobre dos dimensiones del fen\u00f3meno Trump: la forma en que refleja el control sobre los recursos y sobre las ideas que a trav\u00e9s de \u00e9l consolida la clase hiper-rica en EEUU y la manera en que Trump fomenta y se beneficia de los ataques a los grupos m\u00e1s vulnerables. En mi entrega siguiente, les compartir\u00e9 mi perspectiva sobre c\u00f3mo el fen\u00f3meno Trump tambi\u00e9n se apoy\u00f3 en el aumento del deseo de controlar a las mujeres y de volver al pasado de muchos hombres, especialmente muchos hombres j\u00f3venes.<\/p>\n\n\n\n<p><em>Trump nos recuerda que la gente m\u00e1s rica sigue dominando la pol\u00edtica estadounidense<\/em><\/p>\n\n\n\n<p>En muchos pa\u00edses, incluida RD, ha tomado fuerza la idea de que lo m\u00e1s importante en la vida es tener dinero. Y mientras m\u00e1s, mejor. Lo importante es llegar a la cima de la pir\u00e1mide social sin importar a quienes se pisotea en el camino. Trump representa ese ideal distorsionado porque es un hombre rico (aunque menos de lo que hace creer) y especialmente porque su marca personal es el mito de que hay que llegar a toda costa sin importar a quien haya que destruir como pueden dar fe los muchos socios, trabajadores y trabajadoras que ha hundido en la bancarrota o en la pobreza durante su carrera.<\/p>\n\n\n\n<p>La reelecci\u00f3n de Trump nos recuerda que aunque sigan presumiendo de ser la \u201cmejor democracia del mundo\u201d, la pol\u00edtica de EEUU sigue siendo extremadamente desigual. Como se ha cansado de repetir el senador Bernie Sanders, la pol\u00edtica de su pa\u00eds est\u00e1 secuestrada por los intereses de las grandes corporaciones porque la sentencia Citizens United de la Suprema en el 2010 estableci\u00f3 el precedente de que las empresas, ONGs, sindicatos y otras organizaciones pueden donar sin l\u00edmites a diferencia de lo que ocurre con las donaciones individuales. Los efectos de esta sentencia son los que han permitido que gente como Elon Musk pudiera donar millones y millones de d\u00f3lares a la campa\u00f1a de Trump sin ning\u00fan tipo de restricciones. De hecho, la supuesta \u201ceficiencia gubernamental\u201d a la que se va a dedicar Musk es realmente un llamado a desmantelar el sistema que regula a las empresas estadounidenses. (Recordemos que Musk est\u00e1 mudando sus empresas de California justamente porque no quiere que lo regulen).<\/p>\n\n\n\n<p>Pero para m\u00ed lo m\u00e1s impresionante a\u00fan es que Trump es un genio, como el experto que es en el mercadeo de sus empresas y de s\u00ed mismo, en convencer a grandes grupos de la poblaci\u00f3n de que sus intereses son los mismos que los de las personas m\u00e1s ricas y poderosas del pa\u00eds. Este es un ejemplo de lo que el pensador y pol\u00edtico italiano Antonio Gramsci llamaba&nbsp;<em>hegemon\u00eda<\/em>: la capacidad de las \u00e9lites de controlar a la mayor\u00eda de la poblaci\u00f3n no a palos y tiros (que es m\u00e1s costoso y complicado) sino a trav\u00e9s de las ideas. Algo similar parece haber ocurrido con muchas de las personas latinas que votaron por Trump asumiendo que su discurso racista y el aumento de las deportaciones que ha prometido no les va a afectar. (Por el contrario, las deportaciones masivas implican un nivel de violencia y desorganizaci\u00f3n que siempre se lleva de encuentro hasta a quienes est\u00e1n de manera legal como hemos visto en RD. Y en su primer per\u00edodo, Trump tambi\u00e9n retras\u00f3 los procesos de naturalizaci\u00f3n de un promedio de 6 meses a 13).<\/p>\n\n\n\n<p>A pesar de que la mayor\u00eda de las y los economistas y hasta medios conservadores como el&nbsp;<a href=\"https:\/\/www.wsj.com\/politics\/elections\/economists-say-inflation-deficits-will-be-higher-under-trump-than-harris-0365588e\">Wall Street Journal<\/a>&nbsp;destacaron que el plan econ\u00f3mico de Trump tendr\u00e1 un impacto negativo en la econom\u00eda de EEUU, los 76 millones de personas que votaron por \u00e9l lo hicieron convencidas de que las pol\u00edticas de Trump les van a beneficiar. (Por ejemplo, a pesar de que su plan incluye reducir o eliminar los impuestos para las personas m\u00e1s ricas del pa\u00eds y aumentarlos para el resto, esa mayor\u00eda que se va a ver afectada solo cree lo que les dicen Trump y sus adeptos).<\/p>\n\n\n\n<p><em>El fen\u00f3meno Trump refleja que todav\u00eda mucha gente rechaza la igualdad y no le importa usar como chivos expiatorios a los grupos m\u00e1s vulnerables<\/em><\/p>\n\n\n\n<p>Uno de los libros que m\u00e1s me ha influenciado ha sido&nbsp;<em>Has globalization gone too far?<\/em>&nbsp;<em>(\u00bfLa globalizaci\u00f3n ha ido demasiado lejos?<\/em>) del economista de Harvard Dani Rodrick. En ese libro de finales de los a\u00f1os \u201990, Rodrick advert\u00eda ya que la clase trabajadora mayoritariamente blanca estaba perdiendo sus empleos a causa de la globalizaci\u00f3n y sus necesidades no estaban siendo escuchadas en el sistema pol\u00edtico de EEUU. Esa p\u00e9rdida estrepitosa en la calidad de vida es la realidad que Michael Moore mostr\u00f3 en su documental \u201cRoger and Me\u201d (\u201cRoger y yo\u201d) sobre el cierre de la planta de la Ford en Flint, Michigan.<\/p>\n\n\n\n<p>La clase trabajadora blanca de lugares como Michigan llevaba d\u00e9cadas sin sentirse representada en la pol\u00edtica de EEUU porque no era la base del Partido Republicano, abanderado por d\u00e9cadas de los grupos de mayores ingresos, y era ignorada y dada por sentado por el Partido Dem\u00f3crata. Sin embargo, desde hace unos a\u00f1os el Partido Republicano encontr\u00f3 otra manera de movilizar esta gran masa del electorado sin tener que hacer concesiones econ\u00f3micas: ofreci\u00e9ndole otros chivos expiatorios que culpar como las y los inmigrantes, las minor\u00edas raciales y la comunidad LGTBQ.<\/p>\n\n\n\n<p>En estas elecciones esto se reflej\u00f3, por un lado, en la preocupaci\u00f3n v\u00e1lida de mucha gente con la inflaci\u00f3n y, por el otro, con el \u00e9xito de Trump en continuar utilizando su ret\u00f3rica racista, anti-inmigrante, anti-mujeres y anti-LGTBQ. Aunque muchas y muchos economistas hab\u00edan advertido que la inflaci\u00f3n iba a aumentar despu\u00e9s de la pandemia independientemente de qui\u00e9n estuviera en la Casa Blanca y luego recomendaron el plan econ\u00f3mico de Harris, Trump logr\u00f3 capitalizar ese descontento con las condiciones de vida. Como plantea el peri\u00f3dico Jacobin, \u201csi los dem\u00f3cratas y gente progresista no se miran en el espejo y reflexionan sobre por qu\u00e9 un partido liderado por un billonario se ha convertido en el partido de la clase trabajadora de EEUU, probablemente vamos a ver una repetici\u00f3n del 2024 en las pr\u00f3ximas elecciones\u201d.<\/p>\n\n\n\n<p>Recordemos que solo han pasado d\u00edas despu\u00e9s de las elecciones en EEUU y ya podemos ver a los grupos fan\u00e1ticos neonazis, fascistas y racistas de todo tipo en actos y marchas p\u00fablicas en diferentes lugares del pa\u00eds. Aunque hasta ahora han sido de grupos peque\u00f1os como el grupo pro-supremac\u00eda blanca que desfil\u00f3 con la bandera nazi en&nbsp;<a href=\"https:\/\/www.youtube.com\/shorts\/WUvW550aRv4\">Columbus, Ohio<\/a>&nbsp;no me sorprender\u00eda que se sigan envalentonando y ocupando cada vez m\u00e1s el espacio p\u00fablico siguiendo el ejemplo de su l\u00edder Trump.<\/p>\n\n\n\n<p>Tambi\u00e9n recordemos que muchos participantes del intento de golpe de estado del 6 de enero del 2021 han estado esperando el regreso de Trump para que les otorgue el perd\u00f3n que les permitir\u00e1 salir de la c\u00e1rcel y reintegrarse a organizaciones paramilitares fascistas como los Proud Boys. Adem\u00e1s, grupos similares se han dedicado a enviar mensajes de texto intimidantes como los recibidos por muchas personas negras el d\u00eda despu\u00e9s de las elecciones dici\u00e9ndoles que se fueran a reportar \u201ca la plantaci\u00f3n m\u00e1s cercana\u201d. M\u00e1s recientemente, les enviaron mensajes a personas latinas dici\u00e9ndoles que las iban a recoger para deportarlas y a personas de la comunidad LGTBQ dici\u00e9ndoles que las iban a someter a los mal llamados \u201ccampos de re-educaci\u00f3n\u201d para volverlas heterosexuales. Luego el&nbsp;<a href=\"https:\/\/www.nbcnews.com\/news\/us-news\/offensive-racist-texts-now-sent-high-schoolers-latinos-lgbtq-community-rcna180415\">FBI confirm\u00f3 que estos mensajes<\/a>&nbsp;an\u00f3nimos tambi\u00e9n est\u00e1n siendo enviados a estudiantes en las escuelas secundarias.<\/p>\n\n\n\n<p>Lamentablemente, el nuevo per\u00edodo de Trump legitimar\u00e1 a\u00fan m\u00e1s estas pr\u00e1cticas y discursos de odio y tendr\u00e1 otros efectos negativos que ahora subestiman quienes votaron por \u00e9l e incluso quienes le apoyan en otros pa\u00edses incluyendo el nuestro. Por ejemplo, ya parte del c\u00edrculo de Trump est\u00e1 presionando a los dos jueces de la Suprema Corte de Justicia en edad de retiro (Thomas y Alito) para que lo hagan en esta administraci\u00f3n para poner a otros jueces conservadores m\u00e1s j\u00f3venes garantizando el dominio de la mayor\u00eda conservadora en la corte por d\u00e9cadas. Seguir\u00e9 con el tema del fen\u00f3meno Trump y lo importante que es que lo entendamos mejor en mi pr\u00f3xima entrega. Hasta entonces.<\/p>\n\n\n\n<h2 class=\"wp-block-heading\">\u00a0<\/h2>\n\n\n\n<p><a target=\"_blank\" href=\"https:\/\/www.facebook.com\/sharer\/sharer.php?u=https:\/\/acento.com.do\/opinion\/trump-es-un-sintoma-1-9424259.html\" rel=\"noreferrer noopener\"><\/a><a target=\"_blank\" href=\"https:\/\/twitter.com\/intent\/tweet?url=https:\/\/acento.com.do\/opinion\/trump-es-un-sintoma-1-9424259.html&amp;text=Trump%20es%20un%20s%C3%ADntoma%20(1)&amp;via=acentodiario\" rel=\"noreferrer noopener\"><\/a><a target=\"_blank\" href=\"https:\/\/web.whatsapp.com\/send?text=Mira%20esta%20noticia:%20https:\/\/acento.com.do\/opinion\/trump-es-un-sintoma-1-9424259.html\" rel=\"noreferrer noopener\"><\/a><a target=\"_blank\" href=\"mailto:?subject=Te%20recomiendo%20esta%20nota%20de%20Acento&amp;body=Lee%20esta%20nota%20de%20Acento:%20https:\/\/acento.com.do\/opinion\/trump-es-un-sintoma-1-9424259.html\" rel=\"noreferrer noopener\"><\/a><\/p>\n\n\n\n<p><audio src=\"https:\/\/audios.acento.com.do\/b86831bb-5178-474f-9858-ea448c77bd88.mp3\"><\/audio><\/p>\n","protected":false},"excerpt":{"rendered":"<p>El fen\u00f3meno Trump es un s\u00edntoma o reflejo del avance de los grupos m\u00e1s conservadores y fascistas en EEUU y en muchos pa\u00edses (incluyendo el nuestro) y su reelecci\u00f3n nos ofrece varias lecciones. <\/p>\n","protected":false},"author":2,"featured_media":66217,"comment_status":"open","ping_status":"open","sticky":false,"template":"","format":"standard","meta":{"footnotes":""},"categories":[70,52,51],"tags":[],"class_list":["post-70025","post","type-post","status-publish","format-standard","has-post-thumbnail","hentry","category-esther-hernandez-medina","category-internacionales","category-opinion"],"_links":{"self":[{"href":"https:\/\/eldiarioantillano.com\/uno\/wp-json\/wp\/v2\/posts\/70025","targetHints":{"allow":["GET"]}}],"collection":[{"href":"https:\/\/eldiarioantillano.com\/uno\/wp-json\/wp\/v2\/posts"}],"about":[{"href":"https:\/\/eldiarioantillano.com\/uno\/wp-json\/wp\/v2\/types\/post"}],"author":[{"embeddable":true,"href":"https:\/\/eldiarioantillano.com\/uno\/wp-json\/wp\/v2\/users\/2"}],"replies":[{"embeddable":true,"href":"https:\/\/eldiarioantillano.com\/uno\/wp-json\/wp\/v2\/comments?post=70025"}],"version-history":[{"count":1,"href":"https:\/\/eldiarioantillano.com\/uno\/wp-json\/wp\/v2\/posts\/70025\/revisions"}],"predecessor-version":[{"id":70026,"href":"https:\/\/eldiarioantillano.com\/uno\/wp-json\/wp\/v2\/posts\/70025\/revisions\/70026"}],"wp:featuredmedia":[{"embeddable":true,"href":"https:\/\/eldiarioantillano.com\/uno\/wp-json\/wp\/v2\/media\/66217"}],"wp:attachment":[{"href":"https:\/\/eldiarioantillano.com\/uno\/wp-json\/wp\/v2\/media?parent=70025"}],"wp:term":[{"taxonomy":"category","embeddable":true,"href":"https:\/\/eldiarioantillano.com\/uno\/wp-json\/wp\/v2\/categories?post=70025"},{"taxonomy":"post_tag","embeddable":true,"href":"https:\/\/eldiarioantillano.com\/uno\/wp-json\/wp\/v2\/tags?post=70025"}],"curies":[{"name":"wp","href":"https:\/\/api.w.org\/{rel}","templated":true}]}}