{"id":69977,"date":"2024-11-22T01:19:21","date_gmt":"2024-11-22T05:19:21","guid":{"rendered":"https:\/\/eldiarioantillano.com\/uno\/?p=69977"},"modified":"2024-11-22T01:19:22","modified_gmt":"2024-11-22T05:19:22","slug":"haiti-onu-llama-a-transformar-compromisos-en-acciones","status":"publish","type":"post","link":"https:\/\/eldiarioantillano.com\/uno\/2024\/11\/22\/haiti-onu-llama-a-transformar-compromisos-en-acciones\/","title":{"rendered":"Hait\u00ed: ONU llama a transformar compromisos en acciones"},"content":{"rendered":"\n<p>Naciones Unidas, (Prensa Latina) La violencia en Hait\u00ed mantiene al pa\u00eds en una grave encrucijada sin mejoras visibles, advirti\u00f3 &nbsp;Miroslav Jenca, subsecretario para las Am\u00e9ricas del Departamento de Asuntos Pol\u00edticos y de Consolidaci\u00f3n de la Paz de la ONU.<\/p>\n\n\n\n<p>Los niveles extremos de intimidaci\u00f3n de las pandillas degradan todav\u00eda m\u00e1s la autoridad del Estado, mientras la naci\u00f3n atraviesa por el tercer a\u00f1o de transici\u00f3n pol\u00edtica tras el asesinato del presidente Jovenel Mo\u00efse en 2021, dijo el representante al Consejo de Seguridad.<\/p>\n\n\n\n<p>Al informar a ese \u00f3rgano, reunido en medio de otra escalada de las bandas armadas, Jenca urgi\u00f3 a \u201ctransformar los compromisos en acciones\u201d para evitar una mayor erosi\u00f3n de la seguridad y la autoridad del Gobierno.<\/p>\n\n\n\n<p>Entre otras medidas, el subsecretario llam\u00f3 a contrarrestar el flujo il\u00edcito de drogas, armas y municiones, para fortalecer los mecanismos nacionales de lucha contra la corrupci\u00f3n y de rendici\u00f3n de cuentas.<\/p>\n\n\n\n<p>Asimismo, pidi\u00f3 para aprovechar al m\u00e1ximo el r\u00e9gimen de sanciones de las Naciones Unidas con el prop\u00f3sito de \u201cabordar las causas profundas de la violencia de las pandillas\u201d.<\/p>\n\n\n\n<p>La reuni\u00f3n, celebrada poco despu\u00e9s de la toma de posesi\u00f3n del nuevo primer ministro haitiano, Alix Didier Fils-Aime, enfatiz\u00f3 en el agravamiento de la situaci\u00f3n de seguridad en la capital, donde cuatro aviones comerciales fueron alcanzados recientemente por disparos de pandillas.<\/p>\n\n\n\n<p>Los hechos, que coincidieron con el cambio de mando del Gobierno, provocaron el cierre del Aeropuerto Internacional de Puerto Pr\u00edncipe y restringi\u00f3 severamente el acceso a la capital.<\/p>\n\n\n\n<p>\u201cEsta es la segunda vez este a\u00f1o que bandas armadas aprovechan momentos de inestabilidad pol\u00edtica para reforzar su control sobre Puerto Pr\u00edncipe atacando el aeropuerto\u201d, dijo Jenca al calificar las acciones como ataques coordinados y bien orquestados.<\/p>\n\n\n\n<p>El funcionario elev\u00f3 las advertencias por el alcance de las bandas en Puerto Pr\u00edncipes, una ciudad ahora rodeada y cuyas v\u00edas de acceso fueron cerradas.<\/p>\n\n\n\n<p>Esos grupos violentos, agreg\u00f3 el subsecretario, lograron avances territoriales en zonas estrat\u00e9gicas, tomando el control de alrededor del 85 por ciento de la capital.<\/p>\n\n\n\n<p>\u201cTambi\u00e9n est\u00e1n atacando los sectores restantes de relativa seguridad, incluyendo cada vez m\u00e1s los edificios gubernamentales y la infraestructura\u201d, precis\u00f3.<\/p>\n\n\n\n<p>jha\/ebr<\/p>\n","protected":false},"excerpt":{"rendered":"<p>Naciones Unidas, (Prensa Latina) La violencia en Hait\u00ed mantiene al pa\u00eds en una grave encrucijada&hellip;<\/p>\n","protected":false},"author":2,"featured_media":69970,"comment_status":"open","ping_status":"open","sticky":false,"template":"","format":"standard","meta":{"footnotes":""},"categories":[52,53],"tags":[],"class_list":["post-69977","post","type-post","status-publish","format-standard","has-post-thumbnail","hentry","category-internacionales","category-prensa-latina"],"_links":{"self":[{"href":"https:\/\/eldiarioantillano.com\/uno\/wp-json\/wp\/v2\/posts\/69977","targetHints":{"allow":["GET"]}}],"collection":[{"href":"https:\/\/eldiarioantillano.com\/uno\/wp-json\/wp\/v2\/posts"}],"about":[{"href":"https:\/\/eldiarioantillano.com\/uno\/wp-json\/wp\/v2\/types\/post"}],"author":[{"embeddable":true,"href":"https:\/\/eldiarioantillano.com\/uno\/wp-json\/wp\/v2\/users\/2"}],"replies":[{"embeddable":true,"href":"https:\/\/eldiarioantillano.com\/uno\/wp-json\/wp\/v2\/comments?post=69977"}],"version-history":[{"count":1,"href":"https:\/\/eldiarioantillano.com\/uno\/wp-json\/wp\/v2\/posts\/69977\/revisions"}],"predecessor-version":[{"id":69978,"href":"https:\/\/eldiarioantillano.com\/uno\/wp-json\/wp\/v2\/posts\/69977\/revisions\/69978"}],"wp:featuredmedia":[{"embeddable":true,"href":"https:\/\/eldiarioantillano.com\/uno\/wp-json\/wp\/v2\/media\/69970"}],"wp:attachment":[{"href":"https:\/\/eldiarioantillano.com\/uno\/wp-json\/wp\/v2\/media?parent=69977"}],"wp:term":[{"taxonomy":"category","embeddable":true,"href":"https:\/\/eldiarioantillano.com\/uno\/wp-json\/wp\/v2\/categories?post=69977"},{"taxonomy":"post_tag","embeddable":true,"href":"https:\/\/eldiarioantillano.com\/uno\/wp-json\/wp\/v2\/tags?post=69977"}],"curies":[{"name":"wp","href":"https:\/\/api.w.org\/{rel}","templated":true}]}}