{"id":69924,"date":"2024-11-19T00:00:00","date_gmt":"2024-11-19T04:00:00","guid":{"rendered":"https:\/\/eldiarioantillano.com\/uno\/?p=69924"},"modified":"2024-11-18T21:02:02","modified_gmt":"2024-11-19T01:02:02","slug":"general-revela-caso-de-municiones-fue-detectado-en-haiti","status":"publish","type":"post","link":"https:\/\/eldiarioantillano.com\/uno\/2024\/11\/19\/general-revela-caso-de-municiones-fue-detectado-en-haiti\/","title":{"rendered":"General revela caso de municiones fue detectado en Hait\u00ed"},"content":{"rendered":"\n<p>Polic\u00edas de Kenia ubicados en Hait\u00ed fueron quienes detectaron la procedencia de las municiones sustra\u00eddas en Rep{ublica Dominicana, seg\u00fan denuncia del general retirado William Reyes en el programa <em>Una nueva ma\u00f1an<\/em>a que produce la periodista Colombia Alc\u00e1ntara.<\/p>\n\n\n\n<figure class=\"wp-block-embed is-type-video is-provider-youtube wp-block-embed-youtube wp-embed-aspect-16-9 wp-has-aspect-ratio\"><div class=\"wp-block-embed__wrapper\">\n<iframe title=\"GENERAL REVELA QUE POLIC\u00cdA KENIANA FUE QUIEN DELAT\u00d3 A BANDA DENTRO DE LA POLIC\u00cdA NACIONAL\" width=\"1170\" height=\"658\" src=\"https:\/\/www.youtube.com\/embed\/s5_prJlOq7U?feature=oembed\" frameborder=\"0\" allow=\"accelerometer; autoplay; clipboard-write; encrypted-media; gyroscope; picture-in-picture; web-share\" referrerpolicy=\"strict-origin-when-cross-origin\" allowfullscreen><\/iframe>\n<\/div><\/figure>\n","protected":false},"excerpt":{"rendered":"<p>Polic\u00edas de Kenia ubicados en Hait\u00ed fueron quienes detectaron la procedencia de las municiones sustra\u00eddas&hellip;<\/p>\n","protected":false},"author":2,"featured_media":69908,"comment_status":"open","ping_status":"open","sticky":false,"template":"","format":"standard","meta":{"footnotes":""},"categories":[55],"tags":[],"class_list":["post-69924","post","type-post","status-publish","format-standard","has-post-thumbnail","hentry","category-nacionales"],"_links":{"self":[{"href":"https:\/\/eldiarioantillano.com\/uno\/wp-json\/wp\/v2\/posts\/69924","targetHints":{"allow":["GET"]}}],"collection":[{"href":"https:\/\/eldiarioantillano.com\/uno\/wp-json\/wp\/v2\/posts"}],"about":[{"href":"https:\/\/eldiarioantillano.com\/uno\/wp-json\/wp\/v2\/types\/post"}],"author":[{"embeddable":true,"href":"https:\/\/eldiarioantillano.com\/uno\/wp-json\/wp\/v2\/users\/2"}],"replies":[{"embeddable":true,"href":"https:\/\/eldiarioantillano.com\/uno\/wp-json\/wp\/v2\/comments?post=69924"}],"version-history":[{"count":1,"href":"https:\/\/eldiarioantillano.com\/uno\/wp-json\/wp\/v2\/posts\/69924\/revisions"}],"predecessor-version":[{"id":69925,"href":"https:\/\/eldiarioantillano.com\/uno\/wp-json\/wp\/v2\/posts\/69924\/revisions\/69925"}],"wp:featuredmedia":[{"embeddable":true,"href":"https:\/\/eldiarioantillano.com\/uno\/wp-json\/wp\/v2\/media\/69908"}],"wp:attachment":[{"href":"https:\/\/eldiarioantillano.com\/uno\/wp-json\/wp\/v2\/media?parent=69924"}],"wp:term":[{"taxonomy":"category","embeddable":true,"href":"https:\/\/eldiarioantillano.com\/uno\/wp-json\/wp\/v2\/categories?post=69924"},{"taxonomy":"post_tag","embeddable":true,"href":"https:\/\/eldiarioantillano.com\/uno\/wp-json\/wp\/v2\/tags?post=69924"}],"curies":[{"name":"wp","href":"https:\/\/api.w.org\/{rel}","templated":true}]}}