{"id":69867,"date":"2024-11-16T00:33:22","date_gmt":"2024-11-16T04:33:22","guid":{"rendered":"https:\/\/eldiarioantillano.com\/uno\/?p=69867"},"modified":"2024-11-16T00:33:24","modified_gmt":"2024-11-16T04:33:24","slug":"feminismo-101","status":"publish","type":"post","link":"https:\/\/eldiarioantillano.com\/uno\/2024\/11\/16\/feminismo-101\/","title":{"rendered":"Feminismo 101"},"content":{"rendered":"\n<p class=\"has-text-align-right\"><em>El feminismo no se trata de hacer a las mujeres m\u00e1s fuertes. Las mujeres ya son fuertes.<\/em><br><em> Se trata de cambiar c\u00f3mo el mundo percibe esa fortaleza<\/em>.\u00a0<br>G.D. Anderson<\/p>\n\n\n\n<p>El pasado viernes 1ero de noviembre presentamos la serie de videos educativos \u201cFeminismo 101\u201d en la Tertulia Feminista Magaly Pineda. Esta serie explica lo que es el feminismo y diferentes temas en los que se refleja la desigualdad que todav\u00eda existe entre hombres y mujeres. Las creadoras y realizadoras de la serie son Virginia Antares, co-coordinadora de la Escuela Pol\u00edtica e integrante de Minervas Producciones, y Alexandra Santana y Violeta Lockhart, tambi\u00e9n de Minervas Producciones, quienes nos contaron sobre el proceso que las llev\u00f3 a la elaboraci\u00f3n de los videos. Con ellas estuvo conversando Riamny M\u00e9ndez, periodista integrante del equipo de coordinaci\u00f3n de la Tertulia y del proyecto de comunicaci\u00f3n alternativa Libertarias, quien fue la moderadora de la actividad.<\/p>\n\n\n\n<p>El mismo evento fue un ejemplo de lo mejor de los principios y la pr\u00e1ctica feminista. Como siempre hacemos en la Tertulia Feminista, un espacio de debate creado para conversar sobre todo tipo de temas para construir una sociedad basada en la igualdad, organizamos la tertulia con la colaboraci\u00f3n totalmente voluntaria de otras feministas e instituciones aliadas. Las tertuliantes o expositoras, igual que hicieron Virginia, Alexandra y Violeta el viernes, muy amablemente nos regalan sus conocimientos y su tiempo y lo mismo hacen instituciones como el Museo Memorial de la Resistencia que de manera solidaria nos prest\u00f3 el local. De la misma forma, en el equipo de coordinaci\u00f3n de la Tertulia conformado por la misma Riamny, Rossy Matos, Ang\u00e9lica Rodr\u00edguez Bencosme, Rosal\u00eda Pi\u00f1a V\u00e9lez y una servidora coordinamos y organizamos cada tertulia haciendo uso de nuestros propios recursos desde que Yildalina Tatem Brache y yo fundamos la Tertulia en mayo del 2016.<\/p>\n\n\n\n<p>Como paso parte del a\u00f1o fuera de RD en mi trabajo como profesora universitaria en California, me conect\u00e9 por Zoom junto con otras compa\u00f1eras que estaban tambi\u00e9n fuera del pa\u00eds o de la ciudad. Es una costumbre que mantenemos desde que tuvimos que hacer las tertulias de manera virtual por la pandemia y que continuamos para hacerlas m\u00e1s accesibles. Mientras yo recog\u00eda en mi oficina porque esa misma noche regresar\u00eda a Santo Domingo para asistir a una conferencia, Rossy, Riamny, Alexandra, Violeta, Virginia y las compa\u00f1eras y compa\u00f1eros que iban llegando iban acomodando las sillas en el sal\u00f3n, probando diferentes lugares para poner la computadora para que vi\u00e9ramos mejor las que est\u00e1bamos en Zoom y encarg\u00e1ndose del mont\u00f3n de detallitos que se necesitan para tener una jornada exitosa. Yo me sonre\u00eda vi\u00e9ndoles porque lo hac\u00edan con la alegr\u00eda, el humor y el sentido de colaboraci\u00f3n que tanto cultivamos las mujeres y que tambi\u00e9n ha hecho del feminismo un movimiento social trascendental.<\/p>\n\n\n\n<p>Unos d\u00edas despu\u00e9s, la famosa antrop\u00f3loga feminista Rita Segato conversaba tambi\u00e9n sobre esto en la charla magistral que dio en la conferencia de la Asociaci\u00f3n Latinoamericana de Sociolog\u00eda (ALAS) en la UASD; el evento acad\u00e9mico internacional para el que regres\u00e9 al pa\u00eds esta semana. La Segato destacaba que es importante aprender de la forma en que hacemos las cosas las mujeres para reconocer lo que ella llama \u201cuna politicidad en clave femenina\u201d. Por ejemplo, dec\u00eda que \u201ccuando tomamos la calle nos comportamos de forma diferente a los hombres, nos adornamos y celebramos\u2026\u201d y propuso rescatar \u201cun camino festivo y hablar de una politicidad que no es ut\u00f3pica, que cree en la fiesta, que cree en un humor sin v\u00edctimas\u201d. Tambi\u00e9n enfatiz\u00f3 que, aunque siempre hay excepciones de mujeres guerreristas y anti-mujeres como la Margaret Thatcher o la Condoleezza Rice, muchas mujeres ejercemos el liderazgo creando espacio para las otras personas. Cuando somos profesoras, por ejemplo, compartimos la autoridad en la clase con nuestras y nuestros estudiantes para que creen sus propias ideas; algo que me toc\u00f3 de cerca porque es justamente lo que intento hacer en mis clases.<\/p>\n\n\n\n<p>Despu\u00e9s de compartir sus propias historias de c\u00f3mo se acercaron al feminismo, Virginia, Alexandra y Violeta nos presentaron algunos de los videos \u201cFeminismo 101\u201d y conversaron con el p\u00fablico sobre las situaciones que intentaron recoger en cada uno. Por ejemplo, el primero de la serie habla sobre el contexto hist\u00f3rico en que surge el movimiento feminista. El segundo aborda las brechas econ\u00f3micas y la desigualdad salarial entre hombres y mujeres mientras que el tercero explica lo que son las violencias machistas. En el cuarto hablan sobre los derechos sexuales y reproductivos, en el quinto que acaban de publicar abordan la participaci\u00f3n pol\u00edtica de las mujeres y as\u00ed sucesivamente. (Para ver los videos vayan a la p\u00e1gina de Instagram de la Escuela Pol\u00edtica. Duran entre 5 y 8 minutos).<\/p>\n\n\n\n<p>Lamentablemente mucha gente todav\u00eda tiene en la cabeza una visi\u00f3n distorsionada sobre lo que es el feminismo y las feministas como se evidenci\u00f3 en la misma preparaci\u00f3n de la tertulia del viernes. Muchos de los comentarios en la publicaci\u00f3n del peri\u00f3dico Acento compartiendo los datos de la actividad en las redes repet\u00edan estos prejuicios e ideas equivocadas. Y no, las feministas no odiamos a los hombres. De hecho, luchamos por un mundo en que los hombres tambi\u00e9n puedan cambiar y dejar de ser violentos y v\u00edctimas de la violencia como ya muchos est\u00e1n haciendo y he planteado en columnas anteriores. Tampoco es cierto que las feministas estamos en contra de que la gente tenga hijos o hijas. De hecho, la mayor\u00eda son madres y abuelas y disfruta enormemente de sus familias. Y las que no tenemos, somos t\u00edas y madrinas orgullosas y amorosas de la gente joven y los ni\u00f1os y ni\u00f1as en nuestras vidas. Lo que queremos es que las mujeres que se conviertan en madres lo hagan porque lo desean y que los hombres que se conviertan en padres lo asuman con la responsabilidad que con frecuencia solo le exigimos a las madres.<\/p>\n\n\n\n<p>Adem\u00e1s, por m\u00e1s que los detractores del feminismo intenten negarlo, la desigualdad que este movimiento intenta revertir sigue siendo la norma. Incluso instituciones m\u00e1s tradicionales como el Foro Econ\u00f3mico Mundial han hecho ver con sus estudios que, al paso que vamos, se llevar\u00e1 m\u00e1s de 100 a\u00f1os llegar a la paridad entre hombres y mujeres. Por ejemplo, las elecciones que tuvieron lugar ayer en Estados Unidos han evidenciado que el ser mujer contin\u00faa siendo una raz\u00f3n para no votar por una candidatura para muchas personas, especialmente hombres, que quieren volver al pasado en el que los hombres eran los \u00fanicos que tomaban decisiones como les dec\u00eda en mi columna sobre Kamala Harris y recoge un art\u00edculo reciente del New York Times. De hecho, muchos comentaristas y voceros de la campa\u00f1a de Trump utilizaron a la franca el argumento de que \u201cun hombre de verdad no vota por una mujer\u201d.<\/p>\n\n\n\n<p>Por el contrario, hacer visible y denunciar la desigualdad que todav\u00eda existe entre hombres y mujeres y todos los tipos de desigualdad no divide a las familias ni a las sociedades. Lo que las divide y lastima a las personas es ignorar esa desigualdad pretendiendo que no existe. El feminismo fue el primer movimiento social en sonar la alarma y explicar los peligros que esta desigualdad representa para todas las personas. Les invito a mirar los videos \u201cFeminismo 101\u201d para aprender un poco m\u00e1s sobre esta realidad. No se arrepentir\u00e1n.<\/p>\n\n\n\n<p><\/p>\n","protected":false},"excerpt":{"rendered":"<p>El feminismo no se trata de hacer a las mujeres m\u00e1s fuertes. Las mujeres ya&hellip;<\/p>\n","protected":false},"author":2,"featured_media":66217,"comment_status":"open","ping_status":"open","sticky":false,"template":"","format":"standard","meta":{"footnotes":""},"categories":[70,55,51],"tags":[],"class_list":["post-69867","post","type-post","status-publish","format-standard","has-post-thumbnail","hentry","category-esther-hernandez-medina","category-nacionales","category-opinion"],"_links":{"self":[{"href":"https:\/\/eldiarioantillano.com\/uno\/wp-json\/wp\/v2\/posts\/69867","targetHints":{"allow":["GET"]}}],"collection":[{"href":"https:\/\/eldiarioantillano.com\/uno\/wp-json\/wp\/v2\/posts"}],"about":[{"href":"https:\/\/eldiarioantillano.com\/uno\/wp-json\/wp\/v2\/types\/post"}],"author":[{"embeddable":true,"href":"https:\/\/eldiarioantillano.com\/uno\/wp-json\/wp\/v2\/users\/2"}],"replies":[{"embeddable":true,"href":"https:\/\/eldiarioantillano.com\/uno\/wp-json\/wp\/v2\/comments?post=69867"}],"version-history":[{"count":1,"href":"https:\/\/eldiarioantillano.com\/uno\/wp-json\/wp\/v2\/posts\/69867\/revisions"}],"predecessor-version":[{"id":69868,"href":"https:\/\/eldiarioantillano.com\/uno\/wp-json\/wp\/v2\/posts\/69867\/revisions\/69868"}],"wp:featuredmedia":[{"embeddable":true,"href":"https:\/\/eldiarioantillano.com\/uno\/wp-json\/wp\/v2\/media\/66217"}],"wp:attachment":[{"href":"https:\/\/eldiarioantillano.com\/uno\/wp-json\/wp\/v2\/media?parent=69867"}],"wp:term":[{"taxonomy":"category","embeddable":true,"href":"https:\/\/eldiarioantillano.com\/uno\/wp-json\/wp\/v2\/categories?post=69867"},{"taxonomy":"post_tag","embeddable":true,"href":"https:\/\/eldiarioantillano.com\/uno\/wp-json\/wp\/v2\/tags?post=69867"}],"curies":[{"name":"wp","href":"https:\/\/api.w.org\/{rel}","templated":true}]}}