{"id":69863,"date":"2024-11-16T00:30:40","date_gmt":"2024-11-16T04:30:40","guid":{"rendered":"https:\/\/eldiarioantillano.com\/uno\/?p=69863"},"modified":"2024-11-16T00:30:45","modified_gmt":"2024-11-16T04:30:45","slug":"caricom-reitero-preocupacion-por-transicion-del-gobierno-de-haiti","status":"publish","type":"post","link":"https:\/\/eldiarioantillano.com\/uno\/2024\/11\/16\/caricom-reitero-preocupacion-por-transicion-del-gobierno-de-haiti\/","title":{"rendered":"Caricom reiter\u00f3 preocupaci\u00f3n por transici\u00f3n del gobierno de Hait\u00ed"},"content":{"rendered":"\n<p>Georgetown, 14 nov (Prensa Latina) La Comunidad del Caribe (Caricom) manifest\u00f3 hoy que sigue con profunda preocupaci\u00f3n el proceso de gobierno de transici\u00f3n en Hait\u00ed, Estado miembro de bloque.<\/p>\n\n\n\n<p>El organismo regional \u00abreconoce la dedicada contribuci\u00f3n del ex Primer Ministro Garry Conille y espera con inter\u00e9s reunirse pronto con el nuevo Primer Ministro Alix Didier Fils-Aim\u00e9 y continuar el di\u00e1logo con los l\u00edderes del Gobierno de Hait\u00ed\u00bb, expres\u00f3 en un comunicado.<\/p>\n\n\n\n<p>Agreg\u00f3 que con el paso del tiempo, la presi\u00f3n de las fechas l\u00edmite que se aproximan para alcanzar los principales objetivos del proceso de transici\u00f3n y el estado final, la celebraci\u00f3n de elecciones libres y justas y la instalaci\u00f3n de un nuevo gobierno elegido democr\u00e1ticamente, se hace m\u00e1s urgente.<\/p>\n\n\n\n<p>\u00abLa cohesi\u00f3n y la coherencia con respecto a las funciones y responsabilidades de los principales actores en el proceso de transici\u00f3n, as\u00ed como la rendici\u00f3n de cuentas, ser\u00e1n ingredientes cr\u00edticos para el \u00e9xito final de la transici\u00f3n en los pr\u00f3ximos meses\u00bb, subray\u00f3.<\/p>\n\n\n\n<p>En este sentido, la Caricom est\u00e1 dispuesta a trabajar con los l\u00edderes de Hait\u00ed, enfatiz\u00f3 en el texto divulgado esta tarde.<\/p>\n\n\n\n<p>\u00abLa Caricom siempre ha adoptado la posici\u00f3n en sus buenos oficios y esfuerzos de facilitaci\u00f3n de que las soluciones a los problemas de Hait\u00ed deben ser locales, resueltas por y para el pueblo haitiano\u00bb, recalc\u00f3.<\/p>\n\n\n\n<p>Afirm\u00f3 que la Comunidad sigue creyendo que la democracia s\u00f3lo puede prosperar si se logra el compromiso y el respeto por el estado de derecho, as\u00ed como con un compromiso demostrable con la seguridad y el bienestar de sus ciudadanos y con una pronta restauraci\u00f3n del orden constitucional y de las instituciones democr\u00e1ticas.<\/p>\n\n\n\n<p>\u00abLa Caricom asegura al pueblo de Hait\u00ed su continuo apoyo y sus expectativas de que se realizar\u00e1n esfuerzos para alcanzar el objetivo de celebrar elecciones de conformidad con el marco acordado para noviembre de 2025\u00bb, concluy\u00f3.<\/p>\n\n\n\n<p>lam\/otf<\/p>\n","protected":false},"excerpt":{"rendered":"<p>Georgetown, 14 nov (Prensa Latina) La Comunidad del Caribe (Caricom) manifest\u00f3 hoy que sigue con&hellip;<\/p>\n","protected":false},"author":2,"featured_media":69857,"comment_status":"open","ping_status":"open","sticky":false,"template":"","format":"standard","meta":{"footnotes":""},"categories":[52,53],"tags":[],"class_list":["post-69863","post","type-post","status-publish","format-standard","has-post-thumbnail","hentry","category-internacionales","category-prensa-latina"],"_links":{"self":[{"href":"https:\/\/eldiarioantillano.com\/uno\/wp-json\/wp\/v2\/posts\/69863","targetHints":{"allow":["GET"]}}],"collection":[{"href":"https:\/\/eldiarioantillano.com\/uno\/wp-json\/wp\/v2\/posts"}],"about":[{"href":"https:\/\/eldiarioantillano.com\/uno\/wp-json\/wp\/v2\/types\/post"}],"author":[{"embeddable":true,"href":"https:\/\/eldiarioantillano.com\/uno\/wp-json\/wp\/v2\/users\/2"}],"replies":[{"embeddable":true,"href":"https:\/\/eldiarioantillano.com\/uno\/wp-json\/wp\/v2\/comments?post=69863"}],"version-history":[{"count":1,"href":"https:\/\/eldiarioantillano.com\/uno\/wp-json\/wp\/v2\/posts\/69863\/revisions"}],"predecessor-version":[{"id":69864,"href":"https:\/\/eldiarioantillano.com\/uno\/wp-json\/wp\/v2\/posts\/69863\/revisions\/69864"}],"wp:featuredmedia":[{"embeddable":true,"href":"https:\/\/eldiarioantillano.com\/uno\/wp-json\/wp\/v2\/media\/69857"}],"wp:attachment":[{"href":"https:\/\/eldiarioantillano.com\/uno\/wp-json\/wp\/v2\/media?parent=69863"}],"wp:term":[{"taxonomy":"category","embeddable":true,"href":"https:\/\/eldiarioantillano.com\/uno\/wp-json\/wp\/v2\/categories?post=69863"},{"taxonomy":"post_tag","embeddable":true,"href":"https:\/\/eldiarioantillano.com\/uno\/wp-json\/wp\/v2\/tags?post=69863"}],"curies":[{"name":"wp","href":"https:\/\/api.w.org\/{rel}","templated":true}]}}