{"id":69827,"date":"2024-11-13T19:41:29","date_gmt":"2024-11-13T23:41:29","guid":{"rendered":"https:\/\/eldiarioantillano.com\/uno\/?p=69827"},"modified":"2024-11-13T19:41:31","modified_gmt":"2024-11-13T23:41:31","slug":"ministra-de-interior-y-jefe-de-la-policia-dialogaran-en-montecristi-con-sociedad-civil","status":"publish","type":"post","link":"https:\/\/eldiarioantillano.com\/uno\/2024\/11\/13\/ministra-de-interior-y-jefe-de-la-policia-dialogaran-en-montecristi-con-sociedad-civil\/","title":{"rendered":"Ministra de Interior y jefe de la Polic\u00eda dialogar\u00e1n en Montecristi con sociedad civil."},"content":{"rendered":"\n<p class=\"wp-block-paragraph\">El conversatorio ser\u00e1 este viernes 15 a las 12 m en el Club N\u00e1utico. Estar\u00e1n Faride Raful, el general Ram\u00f3n Guzm\u00e1n, la gobernadora Nelsy Cruz y otras autoridades.\u00a0<\/p>\n","protected":false},"excerpt":{"rendered":"<p>El conversatorio ser\u00e1 este viernes 15 a las 12 m en el Club N\u00e1utico. Estar\u00e1n&hellip;<\/p>\n","protected":false},"author":2,"featured_media":69828,"comment_status":"open","ping_status":"open","sticky":false,"template":"","format":"standard","meta":{"footnotes":""},"categories":[57],"tags":[],"class_list":["post-69827","post","type-post","status-publish","format-standard","has-post-thumbnail","hentry","category-montecristi"],"_links":{"self":[{"href":"https:\/\/eldiarioantillano.com\/uno\/wp-json\/wp\/v2\/posts\/69827","targetHints":{"allow":["GET"]}}],"collection":[{"href":"https:\/\/eldiarioantillano.com\/uno\/wp-json\/wp\/v2\/posts"}],"about":[{"href":"https:\/\/eldiarioantillano.com\/uno\/wp-json\/wp\/v2\/types\/post"}],"author":[{"embeddable":true,"href":"https:\/\/eldiarioantillano.com\/uno\/wp-json\/wp\/v2\/users\/2"}],"replies":[{"embeddable":true,"href":"https:\/\/eldiarioantillano.com\/uno\/wp-json\/wp\/v2\/comments?post=69827"}],"version-history":[{"count":1,"href":"https:\/\/eldiarioantillano.com\/uno\/wp-json\/wp\/v2\/posts\/69827\/revisions"}],"predecessor-version":[{"id":69829,"href":"https:\/\/eldiarioantillano.com\/uno\/wp-json\/wp\/v2\/posts\/69827\/revisions\/69829"}],"wp:featuredmedia":[{"embeddable":true,"href":"https:\/\/eldiarioantillano.com\/uno\/wp-json\/wp\/v2\/media\/69828"}],"wp:attachment":[{"href":"https:\/\/eldiarioantillano.com\/uno\/wp-json\/wp\/v2\/media?parent=69827"}],"wp:term":[{"taxonomy":"category","embeddable":true,"href":"https:\/\/eldiarioantillano.com\/uno\/wp-json\/wp\/v2\/categories?post=69827"},{"taxonomy":"post_tag","embeddable":true,"href":"https:\/\/eldiarioantillano.com\/uno\/wp-json\/wp\/v2\/tags?post=69827"}],"curies":[{"name":"wp","href":"https:\/\/api.w.org\/{rel}","templated":true}]}}