{"id":69702,"date":"2024-11-07T00:38:37","date_gmt":"2024-11-07T04:38:37","guid":{"rendered":"https:\/\/eldiarioantillano.com\/uno\/?p=69702"},"modified":"2024-11-07T00:38:38","modified_gmt":"2024-11-07T04:38:38","slug":"anuncian-otra-jornada-de-atencion-medica-gratuita-en-el-municipio-de-montecristi","status":"publish","type":"post","link":"https:\/\/eldiarioantillano.com\/uno\/2024\/11\/07\/anuncian-otra-jornada-de-atencion-medica-gratuita-en-el-municipio-de-montecristi\/","title":{"rendered":"Anuncian otra jornada de atenci\u00f3n m\u00e9dica gratuita en el municipio de Montecristi"},"content":{"rendered":"\n<p>Ser\u00e1 realizada el diecis\u00e9is de este mes desde las nueve de la ma\u00f1ana hasta las cinco de la tarde.\u00a0<\/p>\n","protected":false},"excerpt":{"rendered":"<p>Ser\u00e1 realizada el diecis\u00e9is de este mes desde las nueve de la ma\u00f1ana hasta las&hellip;<\/p>\n","protected":false},"author":2,"featured_media":69689,"comment_status":"open","ping_status":"open","sticky":false,"template":"","format":"standard","meta":{"footnotes":""},"categories":[57],"tags":[],"class_list":["post-69702","post","type-post","status-publish","format-standard","has-post-thumbnail","hentry","category-montecristi"],"_links":{"self":[{"href":"https:\/\/eldiarioantillano.com\/uno\/wp-json\/wp\/v2\/posts\/69702","targetHints":{"allow":["GET"]}}],"collection":[{"href":"https:\/\/eldiarioantillano.com\/uno\/wp-json\/wp\/v2\/posts"}],"about":[{"href":"https:\/\/eldiarioantillano.com\/uno\/wp-json\/wp\/v2\/types\/post"}],"author":[{"embeddable":true,"href":"https:\/\/eldiarioantillano.com\/uno\/wp-json\/wp\/v2\/users\/2"}],"replies":[{"embeddable":true,"href":"https:\/\/eldiarioantillano.com\/uno\/wp-json\/wp\/v2\/comments?post=69702"}],"version-history":[{"count":1,"href":"https:\/\/eldiarioantillano.com\/uno\/wp-json\/wp\/v2\/posts\/69702\/revisions"}],"predecessor-version":[{"id":69703,"href":"https:\/\/eldiarioantillano.com\/uno\/wp-json\/wp\/v2\/posts\/69702\/revisions\/69703"}],"wp:featuredmedia":[{"embeddable":true,"href":"https:\/\/eldiarioantillano.com\/uno\/wp-json\/wp\/v2\/media\/69689"}],"wp:attachment":[{"href":"https:\/\/eldiarioantillano.com\/uno\/wp-json\/wp\/v2\/media?parent=69702"}],"wp:term":[{"taxonomy":"category","embeddable":true,"href":"https:\/\/eldiarioantillano.com\/uno\/wp-json\/wp\/v2\/categories?post=69702"},{"taxonomy":"post_tag","embeddable":true,"href":"https:\/\/eldiarioantillano.com\/uno\/wp-json\/wp\/v2\/tags?post=69702"}],"curies":[{"name":"wp","href":"https:\/\/api.w.org\/{rel}","templated":true}]}}