{"id":69700,"date":"2024-11-07T00:37:09","date_gmt":"2024-11-07T04:37:09","guid":{"rendered":"https:\/\/eldiarioantillano.com\/uno\/?p=69700"},"modified":"2024-11-07T02:52:14","modified_gmt":"2024-11-07T06:52:14","slug":"realizan-una-sesion-del-consejo-de-ministros-en-san-cristobal","status":"publish","type":"post","link":"https:\/\/eldiarioantillano.com\/uno\/2024\/11\/07\/realizan-una-sesion-del-consejo-de-ministros-en-san-cristobal\/","title":{"rendered":"Realizan una sesi\u00f3n del Consejo de Ministros en San Crist\u00f3bal"},"content":{"rendered":"\n<p>El presidente Luis Abinader, la vicepresidenta Raquel Pe\u00f1a, el ministro de la Presidencia, Ignacio Paliza, encabezan la reuni\u00f3n efectuada en la provincia sure\u00f1a. En SAn Cristobal fue que aprob\u00f3 la Constituci\u00f3n de 1844, la primera dominicana.<\/p>\n\n\n\n<figure class=\"wp-block-image size-large\"><img fetchpriority=\"high\" decoding=\"async\" width=\"1024\" height=\"682\" src=\"https:\/\/eldiarioantillano.com\/uno\/wp-content\/uploads\/2024\/11\/IMG-20241106-WA0077-1024x682.jpg\" alt=\"\" class=\"wp-image-69692\" srcset=\"https:\/\/eldiarioantillano.com\/uno\/wp-content\/uploads\/2024\/11\/IMG-20241106-WA0077-1024x682.jpg 1024w, https:\/\/eldiarioantillano.com\/uno\/wp-content\/uploads\/2024\/11\/IMG-20241106-WA0077-300x200.jpg 300w, https:\/\/eldiarioantillano.com\/uno\/wp-content\/uploads\/2024\/11\/IMG-20241106-WA0077-768x512.jpg 768w, https:\/\/eldiarioantillano.com\/uno\/wp-content\/uploads\/2024\/11\/IMG-20241106-WA0077-1536x1023.jpg 1536w, https:\/\/eldiarioantillano.com\/uno\/wp-content\/uploads\/2024\/11\/IMG-20241106-WA0077-1170x780.jpg 1170w, https:\/\/eldiarioantillano.com\/uno\/wp-content\/uploads\/2024\/11\/IMG-20241106-WA0077-585x390.jpg 585w, https:\/\/eldiarioantillano.com\/uno\/wp-content\/uploads\/2024\/11\/IMG-20241106-WA0077-263x175.jpg 263w, https:\/\/eldiarioantillano.com\/uno\/wp-content\/uploads\/2024\/11\/IMG-20241106-WA0077.jpg 1600w\" sizes=\"(max-width: 1024px) 100vw, 1024px\" \/><figcaption class=\"wp-element-caption\">Vista general del Consejo de Ministros reunido para tratar problemas de San Crist\u00f3bal. <\/figcaption><\/figure>\n","protected":false},"excerpt":{"rendered":"<p>El presidente Luis Abinader, la vicepresidenta Raquel Pe\u00f1a, el ministro de la Presidencia, Ignacio Paliza,&hellip;<\/p>\n","protected":false},"author":2,"featured_media":69691,"comment_status":"open","ping_status":"open","sticky":false,"template":"","format":"standard","meta":{"footnotes":""},"categories":[55],"tags":[],"class_list":["post-69700","post","type-post","status-publish","format-standard","has-post-thumbnail","hentry","category-nacionales"],"_links":{"self":[{"href":"https:\/\/eldiarioantillano.com\/uno\/wp-json\/wp\/v2\/posts\/69700","targetHints":{"allow":["GET"]}}],"collection":[{"href":"https:\/\/eldiarioantillano.com\/uno\/wp-json\/wp\/v2\/posts"}],"about":[{"href":"https:\/\/eldiarioantillano.com\/uno\/wp-json\/wp\/v2\/types\/post"}],"author":[{"embeddable":true,"href":"https:\/\/eldiarioantillano.com\/uno\/wp-json\/wp\/v2\/users\/2"}],"replies":[{"embeddable":true,"href":"https:\/\/eldiarioantillano.com\/uno\/wp-json\/wp\/v2\/comments?post=69700"}],"version-history":[{"count":2,"href":"https:\/\/eldiarioantillano.com\/uno\/wp-json\/wp\/v2\/posts\/69700\/revisions"}],"predecessor-version":[{"id":69707,"href":"https:\/\/eldiarioantillano.com\/uno\/wp-json\/wp\/v2\/posts\/69700\/revisions\/69707"}],"wp:featuredmedia":[{"embeddable":true,"href":"https:\/\/eldiarioantillano.com\/uno\/wp-json\/wp\/v2\/media\/69691"}],"wp:attachment":[{"href":"https:\/\/eldiarioantillano.com\/uno\/wp-json\/wp\/v2\/media?parent=69700"}],"wp:term":[{"taxonomy":"category","embeddable":true,"href":"https:\/\/eldiarioantillano.com\/uno\/wp-json\/wp\/v2\/categories?post=69700"},{"taxonomy":"post_tag","embeddable":true,"href":"https:\/\/eldiarioantillano.com\/uno\/wp-json\/wp\/v2\/tags?post=69700"}],"curies":[{"name":"wp","href":"https:\/\/api.w.org\/{rel}","templated":true}]}}