{"id":69698,"date":"2024-11-07T00:35:24","date_gmt":"2024-11-07T04:35:24","guid":{"rendered":"https:\/\/eldiarioantillano.com\/uno\/?p=69698"},"modified":"2024-11-07T00:35:25","modified_gmt":"2024-11-07T04:35:25","slug":"tribunal-superior-administrativo-ordena-medida-de-instruccion-en-caso-rio-ozama","status":"publish","type":"post","link":"https:\/\/eldiarioantillano.com\/uno\/2024\/11\/07\/tribunal-superior-administrativo-ordena-medida-de-instruccion-en-caso-rio-ozama\/","title":{"rendered":"Tribunal Superior Administrativo ordena medida de instrucci\u00f3n en caso r\u00edo Ozama"},"content":{"rendered":"\n<p><br>Santo Domingo, RD. En una audiencia prevista para la ma\u00f1ana de hoy, mi\u00e9rcoles 6 de noviembre, la Tercera Sala del Tribunal Superior Administrativo (TSA) de la Rep\u00fablica Dominicana orden\u00f3 una medida de instrucci\u00f3n consistente en el descenso de los honorables magistrados de este tribunal al r\u00edo Ozama.<br><br>En ese sentido, el TSA, presidido por el magistrado Rom\u00e1n Berroa Hiciano, determin\u00f3 que la parte accionante, Licdos. John Garrido, C\u00e9sar Vargas y Euren Cuevas Medina y compartes en representaci\u00f3n de los intervinientes voluntarios, deben llevar y presentar una propuesta de log\u00edstica para los fines de lugar.<br><br>Estos destacaron que esta crisis ambiental y el aceleramiento de los fen\u00f3menos naturales extremos, obligan al Estado, a tomar medidas urgentes que puedan mitigar los impactos inevitables que se deriven de estos y puedan afectar a las presentes y futuras generaciones.<br><br>De igual modo, el jurista Euren Cuevas Medina, hizo un llamado de advertencia al TSA para que no desaproveche la oportunidad de hacer la diferencia en la Rep\u00fablica Dominicana. Para que sea parte de crear las condiciones adecuadas de preservaci\u00f3n, no solo el r\u00edo Ozama, sino tambi\u00e9n de todos los r\u00edos del pa\u00eds con una decisi\u00f3n de declaratoria de sujeto de derechos y, con ello, la obligaci\u00f3n de su saneamiento en un tiempo prudente por parte de las autoridades.<br><br>Asimismo, Cuevas Medina tambi\u00e9n destac\u00f3, que son numerosos los pa\u00edses que han declarado a la naturaleza como sujeto de derechos, tomando como base la declaraci\u00f3n de la Carta Mundial de la Naturaleza de la Asamblea General de las Naciones Unidas, la que, entendiendo que toda forma de vida es \u00fanica y merece ser respetada independientemente de su utilidad para el ser humano, establece el deber de respetar la naturaleza y sus procesos esenciales. A esto, agreg\u00f3 que, tambi\u00e9n en el a\u00f1o 2000, se aprob\u00f3 en la sede de la UNESCO la Carta de la Tierra, en cuya lista de principios se dispone que: \u00abLa humanidad es parte de un vasto universo evolutivo\u2026 La protecci\u00f3n de la vitalidad de la Tierra, de su diversidad y belleza es un deber sagrado.<br><br>Con estos principios aprobados por la ONU, el jurista Cuevas Medina se refiri\u00f3 a la cosmovisi\u00f3n del planeta de un enfoque antropoc\u00e9ntrico a uno ecoc\u00e9ntrico, poniendo al ser humano como parte de un todo y no como el centro de todo, lo que le ha permitido destruir otros seres vivos y contaminar de forma tal que pone en peligro su propia vida.<br><br>Son varias las organizaciones sociales y ambientales que se han sumado como intervinientes voluntarios debido a los altos niveles de contaminaci\u00f3n que presenta este importante recurso h\u00eddrico de la Rep\u00fablica Dominicana: Instituto de Abogados para la Protecci\u00f3n del Medio Ambiente (INSAPROMA), la Red Socioambiental Nacional, el Comit\u00e9 Nacional de Lucha Contra el Cambio Clim\u00e1tico (CNLCC), Consorcio Ambiental Dominicano (CAD), la Coalici\u00f3n por la Salud y el Medio Ambiente de la Provincia Peravia, Sociedad Ecol\u00f3gica de Nizao, Frente de Agricultores Unidos por el Progreso (FEDAUPRO), Comisi\u00f3n Ambiental de la Esperanza por el R\u00edo OZAMA (CAMBIESO OZAMA), la Fundaci\u00f3n Caminando por ti, entre otras, as\u00ed como los abogados ambientalistas, llaman la atenci\u00f3n al TSA de que no tenemos m\u00e1s tiempo, es aqu\u00ed y ahora que se deben tomar medidas, ma\u00f1ana puede ser muy tarde.<br><br><\/p>\n","protected":false},"excerpt":{"rendered":"<p>Santo Domingo, RD. En una audiencia prevista para la ma\u00f1ana de hoy, mi\u00e9rcoles 6 de&hellip;<\/p>\n","protected":false},"author":2,"featured_media":69690,"comment_status":"open","ping_status":"open","sticky":false,"template":"","format":"standard","meta":{"footnotes":""},"categories":[55],"tags":[],"class_list":["post-69698","post","type-post","status-publish","format-standard","has-post-thumbnail","hentry","category-nacionales"],"_links":{"self":[{"href":"https:\/\/eldiarioantillano.com\/uno\/wp-json\/wp\/v2\/posts\/69698","targetHints":{"allow":["GET"]}}],"collection":[{"href":"https:\/\/eldiarioantillano.com\/uno\/wp-json\/wp\/v2\/posts"}],"about":[{"href":"https:\/\/eldiarioantillano.com\/uno\/wp-json\/wp\/v2\/types\/post"}],"author":[{"embeddable":true,"href":"https:\/\/eldiarioantillano.com\/uno\/wp-json\/wp\/v2\/users\/2"}],"replies":[{"embeddable":true,"href":"https:\/\/eldiarioantillano.com\/uno\/wp-json\/wp\/v2\/comments?post=69698"}],"version-history":[{"count":1,"href":"https:\/\/eldiarioantillano.com\/uno\/wp-json\/wp\/v2\/posts\/69698\/revisions"}],"predecessor-version":[{"id":69699,"href":"https:\/\/eldiarioantillano.com\/uno\/wp-json\/wp\/v2\/posts\/69698\/revisions\/69699"}],"wp:featuredmedia":[{"embeddable":true,"href":"https:\/\/eldiarioantillano.com\/uno\/wp-json\/wp\/v2\/media\/69690"}],"wp:attachment":[{"href":"https:\/\/eldiarioantillano.com\/uno\/wp-json\/wp\/v2\/media?parent=69698"}],"wp:term":[{"taxonomy":"category","embeddable":true,"href":"https:\/\/eldiarioantillano.com\/uno\/wp-json\/wp\/v2\/categories?post=69698"},{"taxonomy":"post_tag","embeddable":true,"href":"https:\/\/eldiarioantillano.com\/uno\/wp-json\/wp\/v2\/tags?post=69698"}],"curies":[{"name":"wp","href":"https:\/\/api.w.org\/{rel}","templated":true}]}}