{"id":69688,"date":"2024-11-07T00:31:33","date_gmt":"2024-11-07T04:31:33","guid":{"rendered":"https:\/\/eldiarioantillano.com\/uno\/?p=69688"},"modified":"2024-11-07T00:31:37","modified_gmt":"2024-11-07T04:31:37","slug":"asadina-anuncia-grupos-torneo-chata-de-ligas-inicia-este-viernes","status":"publish","type":"post","link":"https:\/\/eldiarioantillano.com\/uno\/2024\/11\/07\/asadina-anuncia-grupos-torneo-chata-de-ligas-inicia-este-viernes\/","title":{"rendered":"Asadina anuncia grupos torneo chata de ligas inicia este viernes"},"content":{"rendered":"\n<figure class=\"wp-block-image size-large\"><img fetchpriority=\"high\" decoding=\"async\" width=\"1024\" height=\"768\" src=\"https:\/\/eldiarioantillano.com\/uno\/wp-content\/uploads\/2024\/11\/FRANKLIN-SORI-1024x768.jpeg\" alt=\"\" class=\"wp-image-69693\" srcset=\"https:\/\/eldiarioantillano.com\/uno\/wp-content\/uploads\/2024\/11\/FRANKLIN-SORI-1024x768.jpeg 1024w, https:\/\/eldiarioantillano.com\/uno\/wp-content\/uploads\/2024\/11\/FRANKLIN-SORI-300x225.jpeg 300w, https:\/\/eldiarioantillano.com\/uno\/wp-content\/uploads\/2024\/11\/FRANKLIN-SORI-768x576.jpeg 768w, https:\/\/eldiarioantillano.com\/uno\/wp-content\/uploads\/2024\/11\/FRANKLIN-SORI-585x439.jpeg 585w, https:\/\/eldiarioantillano.com\/uno\/wp-content\/uploads\/2024\/11\/FRANKLIN-SORI.jpeg 1032w\" sizes=\"(max-width: 1024px) 100vw, 1024px\" \/><figcaption class=\"wp-element-caption\">Franklin Sori<\/figcaption><\/figure>\n\n\n\n<p>SANTO DOMINGO.- La Asociaci\u00f3n de Softbol del Distrito Nacional (Asadina), anunci\u00f3 los grupos que competir\u00e1n en el torneo chata de ligas Rub\u00e9n Pimentel 2024, en las categor\u00edas B y BB.<\/p>\n\n\n\n<p>Apolinar Dur\u00e1n, presidente de la Asadina, indic\u00f3 que la inauguraci\u00f3n oficial ser\u00e1 el viernes 8 de noviembre, a las 6:30 de la tarde, en el estadio No. 1 del Centro Ol\u00edmpico Juan Pablo Duarte, y est\u00e1 dedicada a Franklin Sor\u00ed, pasado presidente de la instituci\u00f3n.<\/p>\n\n\n\n<p>\u201cApostamos al \u00e9xito del evento, contamos con equipos representantes genuinos de ligas del Distrito Nacional, garant\u00eda de nuestro torneo seguir\u00e1 siendo el de mayor el n\u00famero de atletas compitiendo y de mayor cantidad de conjuntos, solo superados por eventos nacionales, regionales y mundialistas\u201d, se\u00f1al\u00f3 Dur\u00e1n.<\/p>\n\n\n\n<p>Consider\u00f3 que eso es un reflejo de la aceptaci\u00f3n del softbol como deporte de familia, donde la pasi\u00f3n por el triunfo de un equipo, termina con un abrazo entre ganadores y perdedores, \u201cestrechando a\u00fan m\u00e1s los lazos fraternos entre fan\u00e1ticos y jugadores\u201d.<\/p>\n\n\n\n<p>Dur\u00e1n indic\u00f3 que en la categor\u00eda B, van los grupos los Recios; Halcones Kennedy; los Rookies y los Ferreteros, que integran el grupo-1, mientras que en el grupo-2 est\u00e1n convocados Liga Centro; Los Mellos 1; Independientes; y Adovenprofar.<\/p>\n\n\n\n<p>Los del grupo-3 son La Puya; Comercio Marcha: 95 North y Los Mellos 2, para un total de 12 conjuntos.<\/p>\n\n\n\n<p>En la categor\u00eda BB el primer grupo lo componen La Cementera; Adovenprofar 1; San Jer\u00f3nimo 1 y Cargueros; en el grupo-2 van Far\u00e1ndula 1; Vivero Power; Picapiedras y San Francisco.<\/p>\n\n\n\n<p>Las ligas del grupo-3 son Mandarria; La Puya 1; Saludables y Juan Marichal, mientras que en el grupo-4 est\u00e1n Halcones; Soprovis; Liga Centro y San Jer\u00f3nimo 2.<\/p>\n\n\n\n<p>Las competidoras del Grupo-5 son Far\u00e1ndula 2; La Puya 2 y Adovenprofar 2; como parte del Grupo-6 est\u00e1n el Codia; Guerreros Mide y Los Mellos.<\/p>\n","protected":false},"excerpt":{"rendered":"<p>SANTO DOMINGO.- La Asociaci\u00f3n de Softbol del Distrito Nacional (Asadina), anunci\u00f3 los grupos que competir\u00e1n&hellip;<\/p>\n","protected":false},"author":2,"featured_media":69693,"comment_status":"open","ping_status":"open","sticky":false,"template":"","format":"standard","meta":{"footnotes":""},"categories":[61],"tags":[],"class_list":["post-69688","post","type-post","status-publish","format-standard","has-post-thumbnail","hentry","category-deporte"],"_links":{"self":[{"href":"https:\/\/eldiarioantillano.com\/uno\/wp-json\/wp\/v2\/posts\/69688","targetHints":{"allow":["GET"]}}],"collection":[{"href":"https:\/\/eldiarioantillano.com\/uno\/wp-json\/wp\/v2\/posts"}],"about":[{"href":"https:\/\/eldiarioantillano.com\/uno\/wp-json\/wp\/v2\/types\/post"}],"author":[{"embeddable":true,"href":"https:\/\/eldiarioantillano.com\/uno\/wp-json\/wp\/v2\/users\/2"}],"replies":[{"embeddable":true,"href":"https:\/\/eldiarioantillano.com\/uno\/wp-json\/wp\/v2\/comments?post=69688"}],"version-history":[{"count":1,"href":"https:\/\/eldiarioantillano.com\/uno\/wp-json\/wp\/v2\/posts\/69688\/revisions"}],"predecessor-version":[{"id":69694,"href":"https:\/\/eldiarioantillano.com\/uno\/wp-json\/wp\/v2\/posts\/69688\/revisions\/69694"}],"wp:featuredmedia":[{"embeddable":true,"href":"https:\/\/eldiarioantillano.com\/uno\/wp-json\/wp\/v2\/media\/69693"}],"wp:attachment":[{"href":"https:\/\/eldiarioantillano.com\/uno\/wp-json\/wp\/v2\/media?parent=69688"}],"wp:term":[{"taxonomy":"category","embeddable":true,"href":"https:\/\/eldiarioantillano.com\/uno\/wp-json\/wp\/v2\/categories?post=69688"},{"taxonomy":"post_tag","embeddable":true,"href":"https:\/\/eldiarioantillano.com\/uno\/wp-json\/wp\/v2\/tags?post=69688"}],"curies":[{"name":"wp","href":"https:\/\/api.w.org\/{rel}","templated":true}]}}