{"id":69686,"date":"2024-11-06T00:03:00","date_gmt":"2024-11-06T04:03:00","guid":{"rendered":"https:\/\/eldiarioantillano.com\/uno\/?p=69686"},"modified":"2024-11-05T21:39:38","modified_gmt":"2024-11-06T01:39:38","slug":"a-proposito-de-la-constitucion-dominicana","status":"publish","type":"post","link":"https:\/\/eldiarioantillano.com\/uno\/2024\/11\/06\/a-proposito-de-la-constitucion-dominicana\/","title":{"rendered":"A prop\u00f3sito de la Constituci\u00f3n dominicana"},"content":{"rendered":"\n<p>Por PATRICIA ARACHE<br>@patriciarache<\/p>\n\n\n\n<p>Desde siempre en el pa\u00eds, se habla de la Constituci\u00f3n de la Rep\u00fablica Dominicana, cuya primera proclamaci\u00f3n data del 6 de noviembre del 1844, casi nueve meses despu\u00e9s de que en la noche del 27 de febrero sonara el trabucazo de la Independencia, en la Puerta del Conde, hoy Altar de la Patria, a cargo de los miembros de la Sociedad Secreta La Trinitaria.<\/p>\n\n\n\n<p>Constituci\u00f3n por aqu\u00ed, Constituci\u00f3n por all\u00e1, Todos aparentan tener conciencia de la importancia de la ley de leyes, de la Carta Sustantiva de la naci\u00f3n, pero pocos parecen dedicarse a conocer, analizar y a respetar sus preceptos en todos los \u00f3rdenes.<\/p>\n\n\n\n<p>Si el an\u00e1lisis comienza por la calificaci\u00f3n de qui\u00e9n es dominicano y cu\u00e1les son los elementos constitutivos de esa nacionalidad, no hay forma de entender que a este nivel del desarrollo el colectivo no est\u00e9 totalmente claro sobre el concepto y la realidad que encierra esa condici\u00f3n.<\/p>\n\n\n\n<p>El art\u00edculo 18, de la Carta Magna de la naci\u00f3n, con sus siete numerales y un p\u00e1rrafo, esboza ampliamente quienes son dominicanos, por lo cual resulta poco procedente que a esta altura de la vida nacional la discusi\u00f3n en el an\u00e1lisis sobre pol\u00edticas migratorias siga rondado en torno a si se es o no nacional de este pa\u00eds.<\/p>\n\n\n\n<p>La Constituci\u00f3n, que es la expresi\u00f3n de patria, honor, sudor, sangre y fuego, establece, en s\u00edntesis, que son dominicanos los hijos e hijas de madre o padre dominicanos; quienes gocen de la nacionalidad dominicana antes de la entrada en vigencia de esta Constituci\u00f3n; y las personas nacidas en territorio nacional, con excepci\u00f3n de los hijos e hijas de extranjeros miembros de legaciones diplom\u00e1ticas y consulares, de extranjeros que se hallen en tr\u00e1nsito o residan ilegalmente en territorio dominicano.<\/p>\n\n\n\n<p>Tambi\u00e9n, los nacidos en el extranjero de madre o padre dominicanos, siempre que hayan adquirido la nacionalidad dominicana conforme a las condiciones establecidas por la ley; quienes contraigan matrimonio con un dominicano o dominicana, siempre que opten por la nacionalidad dominicana y cumplan con los requisitos establecidos por la ley; los descendientes directos de dominicanos residentes en el extranjero y los naturalizados, conforme a las condiciones y procedimientos establecidos por la ley.<\/p>\n\n\n\n<p>\u00bfCu\u00e1l de esos aspectos puede resultar tan dif\u00edcil de entender? La pregunta vale en un sentido y en otro. Vale para quienes desean reclamar nacionalidad a quienes no califican para ostentarla, y vale para quienes, revestidos de sesgos y prejuicios raciales, intentan desconocer la legitimidad de quienes la poseen de manera org\u00e1nica, natural y real.<\/p>\n\n\n\n<p>En otros aspectos, tan sensibles como el de la nacionalidad, la Constituci\u00f3n tambi\u00e9n es clara, precisa y concisa, y es ampliada con leyes adjetivas, pero ni siquiera algunas que otras autoridades validan sus conceptos.<\/p>\n\n\n\n<p>En materia de protecci\u00f3n del medio ambiente; de libertad de expresi\u00f3n y difusi\u00f3n del pensamiento; de los derechos b\u00e1sicos, educaci\u00f3n, salud, alimentaci\u00f3n, vivienda, en fin, todo tiene una esencia constitucional, casi siempre ignorada por quienes deben cumplirla y tambi\u00e9n por quienes deben hacerla cumplir.<\/p>\n\n\n\n<p>Por ello, a prop\u00f3sito de los 180 a\u00f1os de la Constituci\u00f3n de la Rep\u00fablica, recupero las recomendaciones que formul\u00e9 en la tesis para obtener mi licenciatura en Derecho, en el 2014 sobre \u201cLa importancia del Tribunal Constitucional (TC) en la consolidaci\u00f3n de la democracia dominicana\u201d.<\/p>\n\n\n\n<p>No s\u00f3lo se precisaron las teor\u00edas y los aspectos que daban legitimidad y facilitaban la operatividad del TC, sino que, adem\u00e1s, como puntos de partida para la creaci\u00f3n de una conciencia ciudadana sobre sus derechos y deberes, hubo propuestas para que desde las instancias correspondientes se llevaran a cabo pol\u00edticas p\u00fablicas de formaci\u00f3n y divulgaci\u00f3n de los contenidos de la Carta Magna.<\/p>\n\n\n\n<p>Muchas confrontaciones sociales y hasta pol\u00edticas que surgen en el pa\u00eds quedar\u00edan pulverizadas, si un mayor n\u00famero de personas conociera y se acogiera a las disposiciones constitucionales, porque, sin dudas, la mejor manera de no violentar lo existente es conoci\u00e9ndolo y defendi\u00e9ndolo. Se trata de derechos y deberes, perm\u00edtannos estudiarlos.<\/p>\n\n\n\n<p><\/p>\n","protected":false},"excerpt":{"rendered":"<p>Por PATRICIA ARACHE@patriciarache Desde siempre en el pa\u00eds, se habla de la Constituci\u00f3n de la&hellip;<\/p>\n","protected":false},"author":2,"featured_media":63965,"comment_status":"open","ping_status":"open","sticky":false,"template":"","format":"standard","meta":{"footnotes":""},"categories":[55,51,65],"tags":[],"class_list":["post-69686","post","type-post","status-publish","format-standard","has-post-thumbnail","hentry","category-nacionales","category-opinion","category-patricia-arache"],"_links":{"self":[{"href":"https:\/\/eldiarioantillano.com\/uno\/wp-json\/wp\/v2\/posts\/69686","targetHints":{"allow":["GET"]}}],"collection":[{"href":"https:\/\/eldiarioantillano.com\/uno\/wp-json\/wp\/v2\/posts"}],"about":[{"href":"https:\/\/eldiarioantillano.com\/uno\/wp-json\/wp\/v2\/types\/post"}],"author":[{"embeddable":true,"href":"https:\/\/eldiarioantillano.com\/uno\/wp-json\/wp\/v2\/users\/2"}],"replies":[{"embeddable":true,"href":"https:\/\/eldiarioantillano.com\/uno\/wp-json\/wp\/v2\/comments?post=69686"}],"version-history":[{"count":1,"href":"https:\/\/eldiarioantillano.com\/uno\/wp-json\/wp\/v2\/posts\/69686\/revisions"}],"predecessor-version":[{"id":69687,"href":"https:\/\/eldiarioantillano.com\/uno\/wp-json\/wp\/v2\/posts\/69686\/revisions\/69687"}],"wp:featuredmedia":[{"embeddable":true,"href":"https:\/\/eldiarioantillano.com\/uno\/wp-json\/wp\/v2\/media\/63965"}],"wp:attachment":[{"href":"https:\/\/eldiarioantillano.com\/uno\/wp-json\/wp\/v2\/media?parent=69686"}],"wp:term":[{"taxonomy":"category","embeddable":true,"href":"https:\/\/eldiarioantillano.com\/uno\/wp-json\/wp\/v2\/categories?post=69686"},{"taxonomy":"post_tag","embeddable":true,"href":"https:\/\/eldiarioantillano.com\/uno\/wp-json\/wp\/v2\/tags?post=69686"}],"curies":[{"name":"wp","href":"https:\/\/api.w.org\/{rel}","templated":true}]}}