{"id":69684,"date":"2024-11-06T00:01:00","date_gmt":"2024-11-06T04:01:00","guid":{"rendered":"https:\/\/eldiarioantillano.com\/uno\/?p=69684"},"modified":"2024-11-05T21:36:08","modified_gmt":"2024-11-06T01:36:08","slug":"meteorologia-espera-reduccion-de-las-lluvias-en-parte-del-pais-este-miercoles","status":"publish","type":"post","link":"https:\/\/eldiarioantillano.com\/uno\/2024\/11\/06\/meteorologia-espera-reduccion-de-las-lluvias-en-parte-del-pais-este-miercoles\/","title":{"rendered":"Meteorolog\u00eda espera reducci\u00f3n de las lluvias en parte del pa\u00eds este mi\u00e9rcoles"},"content":{"rendered":"\n<h1 class=\"wp-block-heading\">Informe del Tiempo<\/h1>\n\n\n\n<p><strong>Martes 5 de noviembre de 2024 a las 6:00 p.m. v\u00e1lido hasta el jueves 7 de noviembre de 2024 a las 6:00 p.m.<\/strong><\/p>\n\n\n\n<p><strong>ALGUNOS AGUACEROS LOCALES POR VAGUADA<\/strong><\/p>\n\n\n\n<p><strong>MA\u00d1ANA SE ESPERA UNA REDUCCI\u00d3N DE LAS LLUVIAS EN GRAN PARTE DEL PA\u00cdS<\/strong><\/p>\n\n\n\n<p>Se prev\u00e9n hasta primeras horas de la noche aguaceros locales, tormentas el\u00e9ctricas y r\u00e1fagas de viento, sobre localidades de Hato Mayor, Monte Plata, S\u00e1nchez Ram\u00edrez, Monse\u00f1or Nouel y la parte norte del Gran Santo Domingo, pudi\u00e9ndose extender hacia provincias aleda\u00f1as, como La Vega, Santiago, Duarte, Hermanas Mirabal, Espaillat, Dajab\u00f3n, Valverde, Puerto Plata, entre otras, debido a la incidencia de la vaguada y los efectos indirectos de la tormenta tropical Rafael.<\/p>\n\n\n\n<p><strong>Ma\u00f1ana mi\u00e9rcoles<\/strong>, continuaremos bajo la incidencia de la vaguada en varios niveles de la troposfera, sin embargo, las precipitaciones disminuir\u00e1n tanto en su intensidad y su frecuencia, por consiguiente, se esperan chubascos d\u00e9biles a moderados, tronadas aisladas y ocasionales r\u00e1fagas de viento, por la incidencia de una vaguada, sobre el Gran Santo Domingo, Monte Plata, San Juan, San Crist\u00f3bal, El\u00edas Pi\u00f1a, Monse\u00f1or Nouel, La Vega, Mar\u00eda Trinidad S\u00e1nchez, entre otras, principalmente durante la tarde hasta primeras horas de la noche.<\/p>\n\n\n\n<p><strong>Actualidad cicl\u00f3nica:<\/strong><strong>&nbsp;<\/strong><\/p>\n\n\n\n<p>La tormenta tropical Rafael se localiza a unos 190 km al oeste\/noroeste de Montego, Jamaica, con vientos m\u00e1ximos de 110 km\/h. Mantiene un movimiento hacia el noroeste a 24 kph.&nbsp;<strong>El INDOMET vigila su evoluci\u00f3n y desplazamiento.<\/strong><strong>&nbsp;<\/strong><strong>Informamos&nbsp;<\/strong>sobre zona de aguaceros con tormentas el\u00e9ctricas, asociada a una vaguada de baja presi\u00f3n, la cual posee un 10 % de probabilidad para desarrollarse como cicl\u00f3n tropical en las pr\u00f3ximas 48 horas y 30 % para los pr\u00f3ximos 7 d\u00edas.<strong>&nbsp;<\/strong><\/p>\n\n\n\n<p><strong>Debido a las lluvias ocurridas y las previstas en las pr\u00f3ximas 24 a 48 horas, se modifican el nivel de AVISO y ALERTA Meteorol\u00f3gico, ante posibles crecidas de r\u00edos, arroyos y ca\u00f1adas, as\u00ed como, inundaciones urbanas y rurales en las siguientes provincias:<\/strong><\/p>\n\n\n\n<figure class=\"wp-block-table\"><table class=\"has-fixed-layout\"><tbody><tr><td colspan=\"4\"><strong>NIVELES DE ALERTA Y AVISO METEOROL\u00d3GICOS<\/strong><\/td><\/tr><tr><td><strong>&nbsp;&nbsp;&nbsp;&nbsp;&nbsp;&nbsp;&nbsp;&nbsp;&nbsp;&nbsp;&nbsp;&nbsp;&nbsp;&nbsp;&nbsp;&nbsp;&nbsp;&nbsp;&nbsp;&nbsp; &nbsp;&nbsp;&nbsp;&nbsp;&nbsp;&nbsp;&nbsp;&nbsp;AVISO<\/strong><\/td><td colspan=\"2\"><strong>ALERTA<\/strong><\/td><td><strong>DESCONTINUADAS<\/strong><\/td><\/tr><tr><td><strong>Puerto Plata<\/strong><\/td><td><strong>Santiago<\/strong><\/td><td><strong>La Romana<\/strong><\/td><td><strong>El\u00edas Pi\u00f1a<\/strong><\/td><\/tr><tr><td><strong>Dajab\u00f3n<\/strong><\/td><td><strong>Saman\u00e1<\/strong><\/td><td><strong>Mar\u00eda Trinidad S\u00e1nchez<\/strong><\/td><td><strong>Peravia<\/strong><\/td><\/tr><tr><td><strong>Valverde<\/strong><\/td><td><strong>El Gran Santo Domingo<\/strong><\/td><td><strong>Hermanas Mirabal<\/strong><\/td><td><strong>San Jos\u00e9 de Ocoa<\/strong><\/td><\/tr><tr><td><strong>&nbsp;<\/strong><\/td><td><strong>San Pedro de Macor\u00eds<\/strong><\/td><td><strong>Barahona<\/strong><\/td><td><strong>Monte Cristi<\/strong><\/td><\/tr><tr><td><strong>&nbsp;<\/strong><\/td><td><strong>San Crist\u00f3bal<\/strong><\/td><td><strong>Pedernales<\/strong><\/td><td><strong>&nbsp;<\/strong><\/td><\/tr><tr><td><strong>&nbsp;<\/strong><\/td><td><strong>Hato Mayor<\/strong><\/td><td><strong>Espaillat<\/strong><\/td><td><strong>&nbsp;<\/strong><\/td><\/tr><tr><td><strong>&nbsp;<\/strong><\/td><td><strong>El Seibo<\/strong><\/td><td><strong>Duarte<\/strong><\/td><td><strong>&nbsp;<\/strong><\/td><\/tr><tr><td><strong>&nbsp;<\/strong><\/td><td><strong>La Altagracia<\/strong><\/td><td><strong>&nbsp;<\/strong><\/td><td><strong>&nbsp;<\/strong><\/td><\/tr><tr><td><strong>TOTAL: 3<\/strong><\/td><td colspan=\"2\"><strong>TOTAL: 15<\/strong><\/td><td><strong>TOTAL: 4<\/strong><\/td><\/tr><\/tbody><\/table><\/figure>\n\n\n\n<p><strong>Debido a una disminuci\u00f3n en el oleaje de la costa Atl\u00e1ntica, los operadores de fr\u00e1giles y peque\u00f1as embarcaciones permanecer el&nbsp; puerto, debido a vientos y olas anormales. Exhortamos consultar a las autoridades competentes.<\/strong><\/p>\n\n\n\n<p><strong>Distrito Nacional:<\/strong>&nbsp;Chubascos locales y tronadas aisladas.<\/p>\n\n\n\n<p><strong>Santo Domingo este:&nbsp;<\/strong>Aguaceros locales y tronadas aisladas.<\/p>\n\n\n\n<p><strong>Santo Domingo Norte:<\/strong>&nbsp;Aguaceros locales y tronadas aisladas.<\/p>\n\n\n\n<p><strong>Santo Domingo Oeste:<\/strong>&nbsp;Aguaceros locales y tronadas aisladas.<\/p>\n\n\n\n<p><strong>Temperatura m\u00ednima entre 20 \u00b0C y 22 \u00b0C y m\u00e1xima entre 30 \u00b0C y 32 \u00b0C.<\/strong><\/p>\n\n\n\n<p><strong>Resumen:<\/strong><strong>&nbsp;Aguaceros locales con tronadas aisladas hasta primeras horas de la noche, producto de la vaguada y los efectos indirectos de la tormenta tropical Rafael. Ma\u00f1ana se pronostica una reducci\u00f3n de las lluvias. Recomendaciones mar\u00edtimas en la costa atl\u00e1ntica y se discontin\u00faan 4 provincias bajo el nivel de alerta meteorol\u00f3gica.<\/strong><\/p>\n\n\n\n<p><strong>El jueves<\/strong>, la vaguada asociada a un sistema de baja presi\u00f3n, con bajo potencial cicl\u00f3nico, estar\u00e1 generando incrementos nubosos acompa\u00f1ados de aguaceros, los cuales, podr\u00edan ser moderados a fuertes localmente con tronadas aisladas y ocasionales r\u00e1fagas de viento sobre distintas provincias como La Altagracia, El Seibo, La Romana, Hato Mayor, San Pedro de Macor\u00eds, Monte Plata, el Gran Santo Domingo, Saman\u00e1, Mar\u00eda Trinidad S\u00e1nchez, S\u00e1nchez Ram\u00edrez, San Crist\u00f3bal, Santiago, Hermanas Mirabal, Espaillat, Puerto Plata y Valverde.<\/p>\n\n\n\n<p><strong>Distrito Nacional:<\/strong>&nbsp;Aguaceros con tormentas el\u00e9ctricas y ocasionales r\u00e1fagas de viento.<\/p>\n\n\n\n<p><strong>Gran Santo Domingo:&nbsp;<\/strong>Aguaceros con tormentas el\u00e9ctricas y ocasionales r\u00e1fagas de viento.<\/p>\n\n\n\n<figure class=\"wp-block-table\"><table class=\"has-fixed-layout\"><tbody><tr><td><strong>PROVINCIAS<\/strong><\/td><td><strong>PRON\u00d3STICO POR LOCALIDADES<\/strong><\/td><td><strong>T. M\u00e1x. \u00b0C<\/strong><\/td><td><strong>T. M\u00edn. \u00b0C<\/strong><\/td><\/tr><tr><td><strong>Santiago<\/strong><\/td><td>Aguaceros locales, tronadas aisladas y posibles r\u00e1fagas de viento.<\/td><td><strong>30\/32<\/strong><\/td><td><strong>19\/21<\/strong><\/td><\/tr><tr><td><strong>Puerto&nbsp;Plata<\/strong><\/td><td>Aguaceros locales, tronadas aisladas y posibles r\u00e1fagas de viento.<\/td><td><strong>29\/31<\/strong><\/td><td><strong>20\/22<\/strong><\/td><\/tr><tr><td><strong>Duarte<\/strong><\/td><td>Aguaceros locales, tronadas aisladas y posibles r\u00e1fagas de viento.<\/td><td><strong>29\/31<\/strong><\/td><td><strong>20\/22<\/strong><\/td><\/tr><tr><td><strong>Constanza<\/strong><\/td><td>Aguaceros locales, tronadas aisladas y posibles r\u00e1fagas de viento.<\/td><td><strong>26\/28<\/strong><\/td><td><strong>12\/15<\/strong><\/td><\/tr><tr><td><strong>Peravia<\/strong><\/td><td>Medio nublado en ocasiones con chubascos d\u00e9biles y aislados.<\/td><td><strong>31\/33<\/strong><\/td><td><strong>21\/23<\/strong><\/td><\/tr><tr><td><strong>San P. de Macor\u00eds<\/strong><\/td><td>Medio nublado en ocasiones con chubascos d\u00e9biles y aislados.<\/td><td><strong>30\/32<\/strong><\/td><td><strong>20\/22<\/strong><\/td><\/tr><tr><td><strong>La Romana<\/strong><\/td><td>Medio nublado en ocasiones con chubascos d\u00e9biles y aislados.<\/td><td><strong>30\/32<\/strong><\/td><td><strong>20\/22<\/strong><\/td><\/tr><tr><td><strong>La Vega<\/strong><\/td><td>Aguaceros locales, tronadas aisladas y posibles r\u00e1fagas de viento.<\/td><td><strong>28\/30<\/strong><\/td><td><strong>20\/22<\/strong><\/td><\/tr><tr><td><strong>Monse\u00f1or Nouel<\/strong><\/td><td>Aguaceros locales, tronadas aisladas y posibles r\u00e1fagas de viento.<\/td><td><strong>29\/31<\/strong><\/td><td><strong>20\/22<\/strong><\/td><\/tr><tr><td><strong>San Crist\u00f3bal<\/strong><\/td><td>Aguaceros locales, tronadas aisladas y posibles r\u00e1fagas de viento.<\/td><td><strong>30\/32<\/strong><\/td><td><strong>20\/22<\/strong><\/td><\/tr><tr><td><strong>Saman\u00e1<\/strong><\/td><td>Aguaceros locales, tronadas aisladas y posibles r\u00e1fagas de viento.<\/td><td><strong>27\/29<\/strong><\/td><td><strong>20\/22<\/strong><\/td><\/tr><tr><td><strong>Monte Cristi<\/strong><\/td><td>Medio nublado en ocasiones con chubascos d\u00e9biles y aislados.<\/td><td><strong>29\/31<\/strong><\/td><td><strong>21\/23<\/strong><\/td><\/tr><tr><td><strong>Azua<\/strong><\/td><td>Medio nublado en ocasiones con chubascos d\u00e9biles y aislados.<\/td><td><strong>31\/33<\/strong><\/td><td><strong>19\/21<\/strong><\/td><\/tr><tr><td><strong>San Juan<\/strong><\/td><td>Medio nublado en ocasiones con chubascos d\u00e9biles y aislados.<\/td><td><strong>31\/33<\/strong><\/td><td><strong>18\/20<\/strong><\/td><\/tr><tr><td><strong>Barahona<\/strong><\/td><td>Medio nublado en ocasiones con chubascos d\u00e9biles y aislados.<\/td><td><strong>30\/32<\/strong><\/td><td><strong>21\/23<\/strong><\/td><\/tr><tr><td><strong>La Altagracia<\/strong><\/td><td>Medio nublado en ocasiones con chubascos d\u00e9biles y aislados.<\/td><td><strong>29\/31<\/strong><\/td><td><strong>20\/22<\/strong><\/td><\/tr><\/tbody><\/table><\/figure>\n\n\n\n<p><strong>Meteor\u00f3logos: Cristopher Florian \/ Eimer Bautista.<\/strong><\/p>\n","protected":false},"excerpt":{"rendered":"<p>Informe del Tiempo Martes 5 de noviembre de 2024 a las 6:00 p.m. v\u00e1lido hasta&hellip;<\/p>\n","protected":false},"author":2,"featured_media":68052,"comment_status":"open","ping_status":"open","sticky":false,"template":"","format":"standard","meta":{"footnotes":""},"categories":[55],"tags":[],"class_list":["post-69684","post","type-post","status-publish","format-standard","has-post-thumbnail","hentry","category-nacionales"],"_links":{"self":[{"href":"https:\/\/eldiarioantillano.com\/uno\/wp-json\/wp\/v2\/posts\/69684","targetHints":{"allow":["GET"]}}],"collection":[{"href":"https:\/\/eldiarioantillano.com\/uno\/wp-json\/wp\/v2\/posts"}],"about":[{"href":"https:\/\/eldiarioantillano.com\/uno\/wp-json\/wp\/v2\/types\/post"}],"author":[{"embeddable":true,"href":"https:\/\/eldiarioantillano.com\/uno\/wp-json\/wp\/v2\/users\/2"}],"replies":[{"embeddable":true,"href":"https:\/\/eldiarioantillano.com\/uno\/wp-json\/wp\/v2\/comments?post=69684"}],"version-history":[{"count":1,"href":"https:\/\/eldiarioantillano.com\/uno\/wp-json\/wp\/v2\/posts\/69684\/revisions"}],"predecessor-version":[{"id":69685,"href":"https:\/\/eldiarioantillano.com\/uno\/wp-json\/wp\/v2\/posts\/69684\/revisions\/69685"}],"wp:featuredmedia":[{"embeddable":true,"href":"https:\/\/eldiarioantillano.com\/uno\/wp-json\/wp\/v2\/media\/68052"}],"wp:attachment":[{"href":"https:\/\/eldiarioantillano.com\/uno\/wp-json\/wp\/v2\/media?parent=69684"}],"wp:term":[{"taxonomy":"category","embeddable":true,"href":"https:\/\/eldiarioantillano.com\/uno\/wp-json\/wp\/v2\/categories?post=69684"},{"taxonomy":"post_tag","embeddable":true,"href":"https:\/\/eldiarioantillano.com\/uno\/wp-json\/wp\/v2\/tags?post=69684"}],"curies":[{"name":"wp","href":"https:\/\/api.w.org\/{rel}","templated":true}]}}