{"id":69644,"date":"2024-11-04T00:03:02","date_gmt":"2024-11-04T04:03:02","guid":{"rendered":"https:\/\/eldiarioantillano.com\/uno\/?p=69644"},"modified":"2024-11-04T00:03:03","modified_gmt":"2024-11-04T04:03:03","slug":"realizaran-el-panel-genero-y-gestion-de-riesgo-de-desastre-este-martes-5-de-noviembre","status":"publish","type":"post","link":"https:\/\/eldiarioantillano.com\/uno\/2024\/11\/04\/realizaran-el-panel-genero-y-gestion-de-riesgo-de-desastre-este-martes-5-de-noviembre\/","title":{"rendered":"Realizar\u00e1n el panel G\u00e9nero y Gesti\u00f3n de Riesgo de Desastre este martes 5 de noviembre"},"content":{"rendered":"\n<p>La actividad es parte del XXXIV Congreso de la Asociaci\u00f3n Latinoamericana de Sociolog\u00eda que auspicia la Facultad Latinoamericana de Ciencias Sociales (FLACSO) en Santo Domingo.<\/p>\n","protected":false},"excerpt":{"rendered":"<p>La actividad es parte del XXXIV Congreso de la Asociaci\u00f3n Latinoamericana de Sociolog\u00eda que auspicia&hellip;<\/p>\n","protected":false},"author":2,"featured_media":69640,"comment_status":"open","ping_status":"open","sticky":false,"template":"","format":"standard","meta":{"footnotes":""},"categories":[55],"tags":[],"class_list":["post-69644","post","type-post","status-publish","format-standard","has-post-thumbnail","hentry","category-nacionales"],"_links":{"self":[{"href":"https:\/\/eldiarioantillano.com\/uno\/wp-json\/wp\/v2\/posts\/69644","targetHints":{"allow":["GET"]}}],"collection":[{"href":"https:\/\/eldiarioantillano.com\/uno\/wp-json\/wp\/v2\/posts"}],"about":[{"href":"https:\/\/eldiarioantillano.com\/uno\/wp-json\/wp\/v2\/types\/post"}],"author":[{"embeddable":true,"href":"https:\/\/eldiarioantillano.com\/uno\/wp-json\/wp\/v2\/users\/2"}],"replies":[{"embeddable":true,"href":"https:\/\/eldiarioantillano.com\/uno\/wp-json\/wp\/v2\/comments?post=69644"}],"version-history":[{"count":1,"href":"https:\/\/eldiarioantillano.com\/uno\/wp-json\/wp\/v2\/posts\/69644\/revisions"}],"predecessor-version":[{"id":69645,"href":"https:\/\/eldiarioantillano.com\/uno\/wp-json\/wp\/v2\/posts\/69644\/revisions\/69645"}],"wp:featuredmedia":[{"embeddable":true,"href":"https:\/\/eldiarioantillano.com\/uno\/wp-json\/wp\/v2\/media\/69640"}],"wp:attachment":[{"href":"https:\/\/eldiarioantillano.com\/uno\/wp-json\/wp\/v2\/media?parent=69644"}],"wp:term":[{"taxonomy":"category","embeddable":true,"href":"https:\/\/eldiarioantillano.com\/uno\/wp-json\/wp\/v2\/categories?post=69644"},{"taxonomy":"post_tag","embeddable":true,"href":"https:\/\/eldiarioantillano.com\/uno\/wp-json\/wp\/v2\/tags?post=69644"}],"curies":[{"name":"wp","href":"https:\/\/api.w.org\/{rel}","templated":true}]}}