{"id":69394,"date":"2024-10-24T00:22:00","date_gmt":"2024-10-24T04:22:00","guid":{"rendered":"https:\/\/eldiarioantillano.com\/uno\/?p=69394"},"modified":"2024-10-24T00:22:03","modified_gmt":"2024-10-24T04:22:03","slug":"onceno-criollo-cae-ante-nigeria-y-se-despide-mundial-sub17","status":"publish","type":"post","link":"https:\/\/eldiarioantillano.com\/uno\/2024\/10\/24\/onceno-criollo-cae-ante-nigeria-y-se-despide-mundial-sub17\/","title":{"rendered":"Onceno criollo cae ante Nigeria y se despide mundial sub17"},"content":{"rendered":"\n<figure class=\"wp-block-image size-large\"><img fetchpriority=\"high\" decoding=\"async\" width=\"1024\" height=\"683\" src=\"https:\/\/eldiarioantillano.com\/uno\/wp-content\/uploads\/2024\/10\/Onceno-criollo-pierde-ante-nigeria-1024x683.jpeg\" alt=\"\" class=\"wp-image-69395\" srcset=\"https:\/\/eldiarioantillano.com\/uno\/wp-content\/uploads\/2024\/10\/Onceno-criollo-pierde-ante-nigeria-1024x683.jpeg 1024w, https:\/\/eldiarioantillano.com\/uno\/wp-content\/uploads\/2024\/10\/Onceno-criollo-pierde-ante-nigeria-300x200.jpeg 300w, https:\/\/eldiarioantillano.com\/uno\/wp-content\/uploads\/2024\/10\/Onceno-criollo-pierde-ante-nigeria-768x512.jpeg 768w, https:\/\/eldiarioantillano.com\/uno\/wp-content\/uploads\/2024\/10\/Onceno-criollo-pierde-ante-nigeria-585x390.jpeg 585w, https:\/\/eldiarioantillano.com\/uno\/wp-content\/uploads\/2024\/10\/Onceno-criollo-pierde-ante-nigeria-263x175.jpeg 263w, https:\/\/eldiarioantillano.com\/uno\/wp-content\/uploads\/2024\/10\/Onceno-criollo-pierde-ante-nigeria.jpeg 1080w\" sizes=\"(max-width: 1024px) 100vw, 1024px\" \/><figcaption class=\"wp-element-caption\">Dominicana pierde ante Nigeria en mundial sub-17 (Fuente: COD).<\/figcaption><\/figure>\n\n\n\n<p>Santo Domingo.&nbsp;La Selecci\u00f3n Nacional Sub-17 de Rep\u00fablica Dominicana se despidi\u00f3 este martes del Mundial Sub-17 de la FIFA tras caer ante Nigeria en un partido disputado y lleno de emociones en el Estadio F\u00e9lix S\u00e1nchez. A pesar del esfuerzo y la garra mostrada por las j\u00f3venes dominicanos, el equipo africano logr\u00f3 imponerse, lo que deja fuera a Rep\u00fablica Dominicana del torneo en esta etapa.<\/p>\n\n\n\n<p>El partido fue intenso desde el inicio, con ambos equipos buscando hacerse con el control del juego. A pesar de la derrota, las jugadores dominicanas mostraron un excelente nivel de compromiso y esp\u00edritu competitivo, reflejando el crecimiento del f\u00fatbol juvenil en el pa\u00eds. Una participaci\u00f3n magistral de la portera Jaylene Rond\u00f3n terminando el partido 0-1.<\/p>\n\n\n\n<p>A pesar de la eliminaci\u00f3n, este torneo representa un avance significativo para el f\u00fatbol dominicano, siendo la primera vez que la selecci\u00f3n Sub-17 compite en un Mundial de la FIFA. La experiencia adquirida en este campeonato servir\u00e1 como base para el desarrollo de futuras generaciones de futbolistas.<\/p>\n\n\n\n<p>La entrenadora Betzaida Ubri, destac\u00f3 el esfuerzo del equipo: \u201cAunque no logramos avanzar, estamos orgullosos de lo que est\u00e1s j\u00f3venes han conseguido. Han puesto a Rep\u00fablica Dominicana en el mapa del f\u00fatbol internacional y seguiremos trabajando para alcanzar nuevos logros.\u201d<\/p>\n\n\n\n<p>El pa\u00eds se despide del Mundial Sub-17, pero con la esperanza renovada de que este es solo el comienzo de una nueva era para el f\u00fatbol nacional.<\/p>\n\n\n\n<p>En el pasado mundial sub 17 en la India, Nigeria qued\u00f3 en tercer lugar venciendo Alemania en penales.<\/p>\n","protected":false},"excerpt":{"rendered":"<p>Santo Domingo.&nbsp;La Selecci\u00f3n Nacional Sub-17 de Rep\u00fablica Dominicana se despidi\u00f3 este martes del Mundial Sub-17&hellip;<\/p>\n","protected":false},"author":2,"featured_media":69395,"comment_status":"open","ping_status":"open","sticky":false,"template":"","format":"standard","meta":{"footnotes":""},"categories":[61],"tags":[],"class_list":["post-69394","post","type-post","status-publish","format-standard","has-post-thumbnail","hentry","category-deporte"],"_links":{"self":[{"href":"https:\/\/eldiarioantillano.com\/uno\/wp-json\/wp\/v2\/posts\/69394","targetHints":{"allow":["GET"]}}],"collection":[{"href":"https:\/\/eldiarioantillano.com\/uno\/wp-json\/wp\/v2\/posts"}],"about":[{"href":"https:\/\/eldiarioantillano.com\/uno\/wp-json\/wp\/v2\/types\/post"}],"author":[{"embeddable":true,"href":"https:\/\/eldiarioantillano.com\/uno\/wp-json\/wp\/v2\/users\/2"}],"replies":[{"embeddable":true,"href":"https:\/\/eldiarioantillano.com\/uno\/wp-json\/wp\/v2\/comments?post=69394"}],"version-history":[{"count":1,"href":"https:\/\/eldiarioantillano.com\/uno\/wp-json\/wp\/v2\/posts\/69394\/revisions"}],"predecessor-version":[{"id":69396,"href":"https:\/\/eldiarioantillano.com\/uno\/wp-json\/wp\/v2\/posts\/69394\/revisions\/69396"}],"wp:featuredmedia":[{"embeddable":true,"href":"https:\/\/eldiarioantillano.com\/uno\/wp-json\/wp\/v2\/media\/69395"}],"wp:attachment":[{"href":"https:\/\/eldiarioantillano.com\/uno\/wp-json\/wp\/v2\/media?parent=69394"}],"wp:term":[{"taxonomy":"category","embeddable":true,"href":"https:\/\/eldiarioantillano.com\/uno\/wp-json\/wp\/v2\/categories?post=69394"},{"taxonomy":"post_tag","embeddable":true,"href":"https:\/\/eldiarioantillano.com\/uno\/wp-json\/wp\/v2\/tags?post=69394"}],"curies":[{"name":"wp","href":"https:\/\/api.w.org\/{rel}","templated":true}]}}