{"id":69390,"date":"2024-10-24T00:14:31","date_gmt":"2024-10-24T04:14:31","guid":{"rendered":"https:\/\/eldiarioantillano.com\/uno\/?p=69390"},"modified":"2024-10-24T00:33:52","modified_gmt":"2024-10-24T04:33:52","slug":"ministerio-de-educacion-aprueba-documental-las-expediciones-de-junio-de-fernando-quiroz","status":"publish","type":"post","link":"https:\/\/eldiarioantillano.com\/uno\/2024\/10\/24\/ministerio-de-educacion-aprueba-documental-las-expediciones-de-junio-de-fernando-quiroz\/","title":{"rendered":"Ministerio de Educaci\u00f3n aprueba documental\u00a0\u00abLas Expediciones de Junio\u00bb, de Fernando Quiroz"},"content":{"rendered":"\n<figure class=\"wp-block-image size-large\"><img fetchpriority=\"high\" decoding=\"async\" width=\"1024\" height=\"536\" src=\"https:\/\/eldiarioantillano.com\/uno\/wp-content\/uploads\/2024\/10\/IMG-20241023-WA0020-1024x536.jpg\" alt=\"\" class=\"wp-image-69392\" srcset=\"https:\/\/eldiarioantillano.com\/uno\/wp-content\/uploads\/2024\/10\/IMG-20241023-WA0020-1024x536.jpg 1024w, https:\/\/eldiarioantillano.com\/uno\/wp-content\/uploads\/2024\/10\/IMG-20241023-WA0020-300x157.jpg 300w, https:\/\/eldiarioantillano.com\/uno\/wp-content\/uploads\/2024\/10\/IMG-20241023-WA0020-768x402.jpg 768w, https:\/\/eldiarioantillano.com\/uno\/wp-content\/uploads\/2024\/10\/IMG-20241023-WA0020-1170x612.jpg 1170w, https:\/\/eldiarioantillano.com\/uno\/wp-content\/uploads\/2024\/10\/IMG-20241023-WA0020-585x306.jpg 585w, https:\/\/eldiarioantillano.com\/uno\/wp-content\/uploads\/2024\/10\/IMG-20241023-WA0020.jpg 1280w\" sizes=\"(max-width: 1024px) 100vw, 1024px\" \/><figcaption class=\"wp-element-caption\">Mayobanex Vargas, Poncio Pou Saleta y Medardo Guzm\u00e1n, junto con los cubanos Delio G\u00f3mez Ochoa y Pablito Mirabal,  fueron los sobrevivientes de la expedici\u00f3n de junio de 1959 en que se basa el documental premiado de Fernando Quiroz. \n<\/figcaption><\/figure>\n\n\n\n<p><strong>Santo Domingo.-<\/strong> El Ministerio de Educaci\u00f3n aprob\u00f3 el documental <em>Las Expediciones de Junio: hacia la libertad o la muerte<\/em>, dirigido por Fernando Quiroz, como material complementario para los centros educativos del pa\u00eds.<\/p>\n\n\n\n<p>La decisi\u00f3n fue comunicada a Quiroz por la viceministra de Servicios T\u00e9cnicos y Pedag\u00f3gicos, Ancell Scheker Mendoza, mediante una carta. \u201cReciba un cordial saludo. Nos complace informarle que el documental Hacia la libertad o la muerte ha sido aprobado como material complementario\u201d, se\u00f1al\u00f3 la funcionaria al documentalista. Esta aprobaci\u00f3n rectifica una decisi\u00f3n previa que no correspond\u00eda a la naturaleza del audiovisual.<\/p>\n\n\n\n<p>\u201cLa reevaluaci\u00f3n fue realizada por el equipo t\u00e9cnico del \u00c1rea de Ciencias Sociales de la Direcci\u00f3n General de Curr\u00edculo, de acuerdo a la ordenanza 26-2017, que establece el reglamento para la evaluaci\u00f3n de los medios y recursos de aprendizaje\u201d, explic\u00f3 Scheker Mendoza. Quiroz tambi\u00e9n coment\u00f3 que est\u00e1 en contacto con la funcionaria para ultimar detalles.<\/p>\n\n\n\n<p><em>Las Expediciones de Junio<\/em> relata historias dram\u00e1ticas sobre la lucha de 1959 por derrocar al dictador Trujillo, resaltando el sacrificio y el hero\u00edsmo de los combatientes. El documental incluye testimonios de los combatientes Mayobanex Vargas, Delio G\u00f3mez Ochoa y Poncio Pou Saleta, adem\u00e1s de familiares de v\u00edctimas y otros testigos clave.<\/p>\n\n\n\n<p>El documental fue premiado con un premio Soberano en 2014, estrenado en el Teatro Nacional en 2013 y ha sido presentado en diversos centros culturales, tanto a nivel nacional como internacional; incluyendo la Cinemateca de M\u00e9xico, el Senado de Puerto Rico y la Universidad de Panam\u00e1.<\/p>\n\n\n\n<p><\/p>\n\n\n\n<p><\/p>\n","protected":false},"excerpt":{"rendered":"<p>Santo Domingo.- El Ministerio de Educaci\u00f3n aprob\u00f3 el documental Las Expediciones de Junio: hacia la&hellip;<\/p>\n","protected":false},"author":2,"featured_media":69392,"comment_status":"open","ping_status":"open","sticky":false,"template":"","format":"standard","meta":{"footnotes":""},"categories":[63,55],"tags":[],"class_list":["post-69390","post","type-post","status-publish","format-standard","has-post-thumbnail","hentry","category-cultura","category-nacionales"],"_links":{"self":[{"href":"https:\/\/eldiarioantillano.com\/uno\/wp-json\/wp\/v2\/posts\/69390","targetHints":{"allow":["GET"]}}],"collection":[{"href":"https:\/\/eldiarioantillano.com\/uno\/wp-json\/wp\/v2\/posts"}],"about":[{"href":"https:\/\/eldiarioantillano.com\/uno\/wp-json\/wp\/v2\/types\/post"}],"author":[{"embeddable":true,"href":"https:\/\/eldiarioantillano.com\/uno\/wp-json\/wp\/v2\/users\/2"}],"replies":[{"embeddable":true,"href":"https:\/\/eldiarioantillano.com\/uno\/wp-json\/wp\/v2\/comments?post=69390"}],"version-history":[{"count":2,"href":"https:\/\/eldiarioantillano.com\/uno\/wp-json\/wp\/v2\/posts\/69390\/revisions"}],"predecessor-version":[{"id":69407,"href":"https:\/\/eldiarioantillano.com\/uno\/wp-json\/wp\/v2\/posts\/69390\/revisions\/69407"}],"wp:featuredmedia":[{"embeddable":true,"href":"https:\/\/eldiarioantillano.com\/uno\/wp-json\/wp\/v2\/media\/69392"}],"wp:attachment":[{"href":"https:\/\/eldiarioantillano.com\/uno\/wp-json\/wp\/v2\/media?parent=69390"}],"wp:term":[{"taxonomy":"category","embeddable":true,"href":"https:\/\/eldiarioantillano.com\/uno\/wp-json\/wp\/v2\/categories?post=69390"},{"taxonomy":"post_tag","embeddable":true,"href":"https:\/\/eldiarioantillano.com\/uno\/wp-json\/wp\/v2\/tags?post=69390"}],"curies":[{"name":"wp","href":"https:\/\/api.w.org\/{rel}","templated":true}]}}