{"id":69387,"date":"2024-10-23T00:52:44","date_gmt":"2024-10-23T04:52:44","guid":{"rendered":"https:\/\/eldiarioantillano.com\/uno\/?p=69387"},"modified":"2024-10-23T00:52:47","modified_gmt":"2024-10-23T04:52:47","slug":"realizaran-examenes-del-corazon-para-ninos-y-adultos-este-sabado-26","status":"publish","type":"post","link":"https:\/\/eldiarioantillano.com\/uno\/2024\/10\/23\/realizaran-examenes-del-corazon-para-ninos-y-adultos-este-sabado-26\/","title":{"rendered":"Realizar\u00e1n ex\u00e1menes del coraz\u00f3n para ni\u00f1os y adultos este s\u00e1bado 26"},"content":{"rendered":"\n<p>La jornada m\u00e9dica se har\u00e1 en el hospital Padre Fantino de Montecristi por la Fundaci\u00f3n Corazones Unidos. Inform\u00f3 la profesora Estela Abreu.\u00a0<\/p>\n","protected":false},"excerpt":{"rendered":"<p>La jornada m\u00e9dica se har\u00e1 en el hospital Padre Fantino de Montecristi por la Fundaci\u00f3n&hellip;<\/p>\n","protected":false},"author":2,"featured_media":69382,"comment_status":"open","ping_status":"open","sticky":false,"template":"","format":"standard","meta":{"footnotes":""},"categories":[57],"tags":[],"class_list":["post-69387","post","type-post","status-publish","format-standard","has-post-thumbnail","hentry","category-montecristi"],"_links":{"self":[{"href":"https:\/\/eldiarioantillano.com\/uno\/wp-json\/wp\/v2\/posts\/69387","targetHints":{"allow":["GET"]}}],"collection":[{"href":"https:\/\/eldiarioantillano.com\/uno\/wp-json\/wp\/v2\/posts"}],"about":[{"href":"https:\/\/eldiarioantillano.com\/uno\/wp-json\/wp\/v2\/types\/post"}],"author":[{"embeddable":true,"href":"https:\/\/eldiarioantillano.com\/uno\/wp-json\/wp\/v2\/users\/2"}],"replies":[{"embeddable":true,"href":"https:\/\/eldiarioantillano.com\/uno\/wp-json\/wp\/v2\/comments?post=69387"}],"version-history":[{"count":1,"href":"https:\/\/eldiarioantillano.com\/uno\/wp-json\/wp\/v2\/posts\/69387\/revisions"}],"predecessor-version":[{"id":69388,"href":"https:\/\/eldiarioantillano.com\/uno\/wp-json\/wp\/v2\/posts\/69387\/revisions\/69388"}],"wp:featuredmedia":[{"embeddable":true,"href":"https:\/\/eldiarioantillano.com\/uno\/wp-json\/wp\/v2\/media\/69382"}],"wp:attachment":[{"href":"https:\/\/eldiarioantillano.com\/uno\/wp-json\/wp\/v2\/media?parent=69387"}],"wp:term":[{"taxonomy":"category","embeddable":true,"href":"https:\/\/eldiarioantillano.com\/uno\/wp-json\/wp\/v2\/categories?post=69387"},{"taxonomy":"post_tag","embeddable":true,"href":"https:\/\/eldiarioantillano.com\/uno\/wp-json\/wp\/v2\/tags?post=69387"}],"curies":[{"name":"wp","href":"https:\/\/api.w.org\/{rel}","templated":true}]}}