{"id":69341,"date":"2024-10-21T00:01:00","date_gmt":"2024-10-21T04:01:00","guid":{"rendered":"https:\/\/eldiarioantillano.com\/uno\/?p=69341"},"modified":"2024-10-20T23:09:13","modified_gmt":"2024-10-21T03:09:13","slug":"comida-para-gatos","status":"publish","type":"post","link":"https:\/\/eldiarioantillano.com\/uno\/2024\/10\/21\/comida-para-gatos\/","title":{"rendered":"Comida para gatos"},"content":{"rendered":"\n<p class=\"wp-block-paragraph\"><strong>Por Scarlet S\u00e1nchez<\/strong><\/p>\n\n\n\n<p class=\"wp-block-paragraph\">In\u00e9s, la loca, se pasa todo el d\u00eda en el balc\u00f3n. En la sala tengo un coj\u00edn y desde ese rinc\u00f3n, a veces la veo en el sof\u00e1 o de pie, pero siempre apunta el dedo al aire, abre la boca y empieza una perorata incomprensible en la que permanece hasta el amanecer. No solo realiza un mon\u00f3logo, sino que tambi\u00e9n muge por el apartamento y golpea las puertas. Otras veces, amenaza que su hijo, que vive en Suiza y tiene doce a\u00f1os que no la visita o llama, vendr\u00e1 a vengarse por la hostilidad con la que la tratan en el residencial.&nbsp;<\/p>\n\n\n\n<p class=\"wp-block-paragraph\">No es el hambre que tengo, son sus insultos y las maledicencias a los vecinos lo que est\u00e1 a punto de quemarme las orejas. Cubro mis ojos con las patas, por la verg\u00fcenza que me da que los otros gatos del condominio se enteren que vivo con In\u00e9s, la vecina loca.&nbsp;<\/p>\n\n\n\n<p class=\"wp-block-paragraph\">Mi mam\u00e1 vivi\u00f3 con ella desde que era una minina hasta que falleci\u00f3 entre sus piernas. De hecho, aunque borrosa, fue su silueta lo primero que divis\u00e9 cuando nac\u00ed.&nbsp;<\/p>\n\n\n<div class=\"wp-block-image\">\n<figure class=\"aligncenter size-large\"><img fetchpriority=\"high\" decoding=\"async\" width=\"683\" height=\"1024\" src=\"https:\/\/eldiarioantillano.com\/uno\/wp-content\/uploads\/2024\/10\/pexels-366671-991831-683x1024.jpg\" alt=\"\" class=\"wp-image-69342\" style=\"aspect-ratio:16\/9;object-fit:cover\" srcset=\"https:\/\/eldiarioantillano.com\/uno\/wp-content\/uploads\/2024\/10\/pexels-366671-991831-683x1024.jpg 683w, https:\/\/eldiarioantillano.com\/uno\/wp-content\/uploads\/2024\/10\/pexels-366671-991831-200x300.jpg 200w, https:\/\/eldiarioantillano.com\/uno\/wp-content\/uploads\/2024\/10\/pexels-366671-991831-768x1152.jpg 768w, https:\/\/eldiarioantillano.com\/uno\/wp-content\/uploads\/2024\/10\/pexels-366671-991831-1024x1536.jpg 1024w, https:\/\/eldiarioantillano.com\/uno\/wp-content\/uploads\/2024\/10\/pexels-366671-991831-1366x2048.jpg 1366w, https:\/\/eldiarioantillano.com\/uno\/wp-content\/uploads\/2024\/10\/pexels-366671-991831-1920x2879.jpg 1920w, https:\/\/eldiarioantillano.com\/uno\/wp-content\/uploads\/2024\/10\/pexels-366671-991831-1170x1754.jpg 1170w, https:\/\/eldiarioantillano.com\/uno\/wp-content\/uploads\/2024\/10\/pexels-366671-991831-585x877.jpg 585w, https:\/\/eldiarioantillano.com\/uno\/wp-content\/uploads\/2024\/10\/pexels-366671-991831-scaled.jpg 1707w\" sizes=\"(max-width: 683px) 100vw, 683px\" \/><\/figure>\n<\/div>\n\n\n<p class=\"wp-block-paragraph\">Esa loca, sin embargo, hab\u00eda sido llamada do\u00f1a In\u00e9s por los vecinos, quienes, adem\u00e1s, le tra\u00edan flores de sus jardines para que esta adornara la mesa del comedor. Ven\u00edan a tomar caf\u00e9 con galletas de avena que horneaba ella misma, y, por supuesto, nos compraba m\u00e1s comida de la que necesit\u00e1bamos mi mam\u00e1 y yo, incluso, cocinaba pescado y nos ofrec\u00eda gustosamente algunas sobras.\u00a0 Su hijo, seg\u00fan s\u00e9, le paga todos los servicios y vino a visitarla una vez, antes de que yo naciera.\u00a0<\/p>\n\n\n\n<p class=\"wp-block-paragraph\">Cuando In\u00e9s sale de sus momentos de letargo, anda toda inquieta habl\u00e1ndome, insiste en que ando sucia y que he llenado de pelos los muebles.<\/p>\n\n\n\n<p class=\"wp-block-paragraph\">\u2014Lul\u00fa, gata est\u00fapida. \u2014La miro desconcertada por el insulto\u2014. \u00bfPor qu\u00e9 te has orinado en la cocina?&nbsp;<\/p>\n\n\n\n<p class=\"wp-block-paragraph\">Ma\u00fallo tratando de responderle que yo tengo mi caja de arena y que, a diferencia de ella, no se me ha olvidado usarla.<\/p>\n\n\n\n<p class=\"wp-block-paragraph\">No miento si les digo que a veces creo que si fuera un perro, pudiera soportarla un poco, acariciarla cuando tenga una crisis, buscarle su comida y tirarle una pelota para que se entretenga.\u00a0Pero no, soy una gata, y aquella interacci\u00f3n con una idiota me parece horrible, sucia e innecesaria. Total, no la voy a sacar de su locura, as\u00ed que la dejo vagando descalza con los pies grises por el polvo del piso. La veo intentar arreglar las puertas de la despensa que ya est\u00e1n en el suelo por todos los golpes que ella les ha dado.\u00a0\u00a0\u00a0<\/p>\n\n\n\n<p class=\"wp-block-paragraph\">He aprendido a buscar mi alimento. No es que lo ratones sean mi predilecto, pero no me queda m\u00e1s remedio que examinar su anatom\u00eda y matarlos. Los observo, huelo sus intenciones y sus posibles pasos, me muevo con ligereza y le clavo mis garras para que no puedan moverse, disfruto el c\u00f3mo se sienten mis u\u00f1as entrando a la piel de esos animalitos, cuando se detienen, siento sus corazones acelerados y eso me emociona, como si mi respiraci\u00f3n se agitara y las venas se me pusieran calientes, clavo mis afilados dientes en sus vientres y empiezo a saborearlos como si fueran el pescado que me daban antes.\u00a0<\/p>\n\n\n\n<p class=\"wp-block-paragraph\">Me degusto su cuerpo desde la oreja hasta la punta de los pies.&nbsp;<\/p>\n\n\n\n<p class=\"wp-block-paragraph\">\u2014Lul\u00fa, Lul\u00fa \u2014me llaman, pero no s\u00e9 qui\u00e9n es.&nbsp;<\/p>\n\n\n\n<p class=\"wp-block-paragraph\">Un vecino empuj\u00f3 violentamente la puerta y lanz\u00f3 un grito de horror al ver el mar de sangre que sal\u00eda de la cocina.\u00a0<\/p>\n\n\n\n<p class=\"wp-block-paragraph\"><\/p>\n\n\n\n<hr class=\"wp-block-separator has-alpha-channel-opacity is-style-wide\"\/>\n\n\n\n<p class=\"wp-block-paragraph\"><strong>Scarlet S\u00e1nchez<\/strong> (1990, San Jos\u00e9 de Ocoa). Abogada, periodista y locutora con un M\u00e1ster en Alta Gerencia P\u00fablica de la L&#8217;ENA, Francia, y una especialidad en Gesti\u00f3n de Gobierno por la Universidad Camilo Jos\u00e9 Cela, Espa\u00f1a. Fue coordinadora del Taller Literario Narradores de Santo Domingo en el 2022. En el siguiente a\u00f1o, publica su primera novela infantil <em>Castel Blanc. Los guardianes de la luz<\/em>.<\/p>\n\n\n\n<p class=\"wp-block-paragraph\"><\/p>\n","protected":false},"excerpt":{"rendered":"<p>Por Scarlet S\u00e1nchez In\u00e9s, la loca, se pasa todo el d\u00eda en el balc\u00f3n. En&hellip;<\/p>\n","protected":false},"author":2,"featured_media":69342,"comment_status":"open","ping_status":"open","sticky":false,"template":"","format":"standard","meta":{"footnotes":""},"categories":[59],"tags":[],"class_list":["post-69341","post","type-post","status-publish","format-standard","has-post-thumbnail","hentry","category-revista-antillana"],"_links":{"self":[{"href":"https:\/\/eldiarioantillano.com\/uno\/wp-json\/wp\/v2\/posts\/69341","targetHints":{"allow":["GET"]}}],"collection":[{"href":"https:\/\/eldiarioantillano.com\/uno\/wp-json\/wp\/v2\/posts"}],"about":[{"href":"https:\/\/eldiarioantillano.com\/uno\/wp-json\/wp\/v2\/types\/post"}],"author":[{"embeddable":true,"href":"https:\/\/eldiarioantillano.com\/uno\/wp-json\/wp\/v2\/users\/2"}],"replies":[{"embeddable":true,"href":"https:\/\/eldiarioantillano.com\/uno\/wp-json\/wp\/v2\/comments?post=69341"}],"version-history":[{"count":3,"href":"https:\/\/eldiarioantillano.com\/uno\/wp-json\/wp\/v2\/posts\/69341\/revisions"}],"predecessor-version":[{"id":69347,"href":"https:\/\/eldiarioantillano.com\/uno\/wp-json\/wp\/v2\/posts\/69341\/revisions\/69347"}],"wp:featuredmedia":[{"embeddable":true,"href":"https:\/\/eldiarioantillano.com\/uno\/wp-json\/wp\/v2\/media\/69342"}],"wp:attachment":[{"href":"https:\/\/eldiarioantillano.com\/uno\/wp-json\/wp\/v2\/media?parent=69341"}],"wp:term":[{"taxonomy":"category","embeddable":true,"href":"https:\/\/eldiarioantillano.com\/uno\/wp-json\/wp\/v2\/categories?post=69341"},{"taxonomy":"post_tag","embeddable":true,"href":"https:\/\/eldiarioantillano.com\/uno\/wp-json\/wp\/v2\/tags?post=69341"}],"curies":[{"name":"wp","href":"https:\/\/api.w.org\/{rel}","templated":true}]}}