{"id":69336,"date":"2024-10-21T00:01:00","date_gmt":"2024-10-21T04:01:00","guid":{"rendered":"https:\/\/eldiarioantillano.com\/uno\/?p=69336"},"modified":"2024-10-20T21:27:52","modified_gmt":"2024-10-21T01:27:52","slug":"las-pelicanas-de-montecristi-celebran-otro-de-sus-coloridos-cumpleanos","status":"publish","type":"post","link":"https:\/\/eldiarioantillano.com\/uno\/2024\/10\/21\/las-pelicanas-de-montecristi-celebran-otro-de-sus-coloridos-cumpleanos\/","title":{"rendered":"Las Pel\u00edcanas de Montecristi celebran otro de sus coloridos cumplea\u00f1os"},"content":{"rendered":"\n<p class=\"wp-block-paragraph\">\u00a0Esta vez fue Zoila Pe\u00f1a, al centro, quien arrib\u00f3 a un a\u00f1o m\u00e1s de vida, rodeada de las damas en blanco.\u00a0<\/p>\n","protected":false},"excerpt":{"rendered":"<p>\u00a0Esta vez fue Zoila Pe\u00f1a, al centro, quien arrib\u00f3 a un a\u00f1o m\u00e1s de vida,&hellip;<\/p>\n","protected":false},"author":2,"featured_media":69308,"comment_status":"open","ping_status":"open","sticky":false,"template":"","format":"standard","meta":{"footnotes":""},"categories":[57],"tags":[],"class_list":["post-69336","post","type-post","status-publish","format-standard","has-post-thumbnail","hentry","category-montecristi"],"_links":{"self":[{"href":"https:\/\/eldiarioantillano.com\/uno\/wp-json\/wp\/v2\/posts\/69336","targetHints":{"allow":["GET"]}}],"collection":[{"href":"https:\/\/eldiarioantillano.com\/uno\/wp-json\/wp\/v2\/posts"}],"about":[{"href":"https:\/\/eldiarioantillano.com\/uno\/wp-json\/wp\/v2\/types\/post"}],"author":[{"embeddable":true,"href":"https:\/\/eldiarioantillano.com\/uno\/wp-json\/wp\/v2\/users\/2"}],"replies":[{"embeddable":true,"href":"https:\/\/eldiarioantillano.com\/uno\/wp-json\/wp\/v2\/comments?post=69336"}],"version-history":[{"count":1,"href":"https:\/\/eldiarioantillano.com\/uno\/wp-json\/wp\/v2\/posts\/69336\/revisions"}],"predecessor-version":[{"id":69337,"href":"https:\/\/eldiarioantillano.com\/uno\/wp-json\/wp\/v2\/posts\/69336\/revisions\/69337"}],"wp:featuredmedia":[{"embeddable":true,"href":"https:\/\/eldiarioantillano.com\/uno\/wp-json\/wp\/v2\/media\/69308"}],"wp:attachment":[{"href":"https:\/\/eldiarioantillano.com\/uno\/wp-json\/wp\/v2\/media?parent=69336"}],"wp:term":[{"taxonomy":"category","embeddable":true,"href":"https:\/\/eldiarioantillano.com\/uno\/wp-json\/wp\/v2\/categories?post=69336"},{"taxonomy":"post_tag","embeddable":true,"href":"https:\/\/eldiarioantillano.com\/uno\/wp-json\/wp\/v2\/tags?post=69336"}],"curies":[{"name":"wp","href":"https:\/\/api.w.org\/{rel}","templated":true}]}}