{"id":69255,"date":"2024-10-16T18:14:09","date_gmt":"2024-10-16T22:14:09","guid":{"rendered":"https:\/\/eldiarioantillano.com\/uno\/?p=69255"},"modified":"2024-10-16T18:16:54","modified_gmt":"2024-10-16T22:16:54","slug":"llaman-a-protestar-contra-la-reforma-fiscal-este-jueves-frente-al-congreso-nacional","status":"publish","type":"post","link":"https:\/\/eldiarioantillano.com\/uno\/2024\/10\/16\/llaman-a-protestar-contra-la-reforma-fiscal-este-jueves-frente-al-congreso-nacional\/","title":{"rendered":"Llaman a protestar contra la reforma fiscal este jueves frente al Congreso Nacional"},"content":{"rendered":"\n<p>Diversas organizaciones pol\u00edticas y sociales exhortan a la poblaci\u00f3n a protestar contra el proyecto de nuevos impuestos que se debate en las c\u00e1maras legislativas.\u00a0<\/p>\n","protected":false},"excerpt":{"rendered":"<p>Diversas organizaciones pol\u00edticas y sociales exhortan a la poblaci\u00f3n a protestar contra el proyecto de&hellip;<\/p>\n","protected":false},"author":2,"featured_media":69256,"comment_status":"open","ping_status":"open","sticky":false,"template":"","format":"standard","meta":{"footnotes":""},"categories":[55],"tags":[],"class_list":["post-69255","post","type-post","status-publish","format-standard","has-post-thumbnail","hentry","category-nacionales"],"_links":{"self":[{"href":"https:\/\/eldiarioantillano.com\/uno\/wp-json\/wp\/v2\/posts\/69255","targetHints":{"allow":["GET"]}}],"collection":[{"href":"https:\/\/eldiarioantillano.com\/uno\/wp-json\/wp\/v2\/posts"}],"about":[{"href":"https:\/\/eldiarioantillano.com\/uno\/wp-json\/wp\/v2\/types\/post"}],"author":[{"embeddable":true,"href":"https:\/\/eldiarioantillano.com\/uno\/wp-json\/wp\/v2\/users\/2"}],"replies":[{"embeddable":true,"href":"https:\/\/eldiarioantillano.com\/uno\/wp-json\/wp\/v2\/comments?post=69255"}],"version-history":[{"count":1,"href":"https:\/\/eldiarioantillano.com\/uno\/wp-json\/wp\/v2\/posts\/69255\/revisions"}],"predecessor-version":[{"id":69257,"href":"https:\/\/eldiarioantillano.com\/uno\/wp-json\/wp\/v2\/posts\/69255\/revisions\/69257"}],"wp:featuredmedia":[{"embeddable":true,"href":"https:\/\/eldiarioantillano.com\/uno\/wp-json\/wp\/v2\/media\/69256"}],"wp:attachment":[{"href":"https:\/\/eldiarioantillano.com\/uno\/wp-json\/wp\/v2\/media?parent=69255"}],"wp:term":[{"taxonomy":"category","embeddable":true,"href":"https:\/\/eldiarioantillano.com\/uno\/wp-json\/wp\/v2\/categories?post=69255"},{"taxonomy":"post_tag","embeddable":true,"href":"https:\/\/eldiarioantillano.com\/uno\/wp-json\/wp\/v2\/tags?post=69255"}],"curies":[{"name":"wp","href":"https:\/\/api.w.org\/{rel}","templated":true}]}}