{"id":69134,"date":"2024-10-10T00:22:45","date_gmt":"2024-10-10T04:22:45","guid":{"rendered":"https:\/\/eldiarioantillano.com\/uno\/?p=69134"},"modified":"2024-10-10T00:22:49","modified_gmt":"2024-10-10T04:22:49","slug":"cuatro-semanas-para-cambiar-la-historia","status":"publish","type":"post","link":"https:\/\/eldiarioantillano.com\/uno\/2024\/10\/10\/cuatro-semanas-para-cambiar-la-historia\/","title":{"rendered":"Cuatro semanas para cambiar la historia"},"content":{"rendered":"\n<p>10 de octubre de 2024 (EIRNS).\u2014 El mundo est\u00e1 sentado sobre un aut\u00e9ntico polvor\u00edn, ya que ahora hay dos grandes conflictos que podr\u00edan estallar en cualquier momento en una guerra global. El ministro de Defensa de Israel, Yoav Gallant, tiene previsto visitar Washington esta semana, donde discutir\u00e1 una posible respuesta al ataque con misiles que hizo Ir\u00e1n la semana pasada y, al mismo tiempo, tratar de que Estados Unidos participe plenamente en la guerra de Israel. contra Ir\u00e1n. A pesar de la c\u00e1mara de resonancia que existe en Washington, hay algunas voces incluso en la regi\u00f3n del transatl\u00e1ntico que reconocen que no se conseguir\u00e1 nada bueno si se contin\u00faa con esta pol\u00edtica, como se demuestra en las recientes declaraciones del Presidente de Francia, Emmanuel Macron, que plante\u00f3 que se ponga fin a los env\u00edos de armas a Israel.&nbsp;<\/p>\n\n\n\n<p>Sin embargo, tras un a\u00f1o completo de brutalidad y barbarie de tipo medieval por parte de Israel en Gaza, y ahora en L\u00edbano, el mundo ya no es el lugar que era. Como ya se ha insinuado antes, Gaza no es s\u00f3lo un cementerio de ni\u00f1os inocentes, es tambi\u00e9n el cementerio del \u00aborden basado en reglas\u00bb.&nbsp;<\/p>\n\n\n\n<p>Al mismo tiempo, la reciente victoria rusa en la ciudad de Vugledar (Vuhledar) ha desatado una especie de p\u00e1nico en Occidente, pues exponen una realidad mucho m\u00e1s cruda de lo que se permite mostrar en las p\u00e1ginas y pantallas de televisi\u00f3n de los medios noticiosos dominantes. . Un conflicto que haber podido evitarse si los rus\u00f3fobos neoconservadores de la OTAN hubieran aceptado negociar y aceptar los intereses nacionales de Rusia, se ha convertido ahora en un indicador de la ineficacia de la OTAN en su conjunto, a costa de la vida de cientos de millas. de personas y tal vez de la propia existencia de Ucrania.&nbsp;<\/p>\n\n\n<div class=\"wp-block-image\">\n<figure class=\"aligncenter size-full\"><img fetchpriority=\"high\" decoding=\"async\" width=\"464\" height=\"721\" src=\"https:\/\/eldiarioantillano.com\/uno\/wp-content\/uploads\/2024\/10\/464px-Yoav_Galant_1.jpg\" alt=\"\" class=\"wp-image-69135\" style=\"aspect-ratio:2\/3;object-fit:cover\" srcset=\"https:\/\/eldiarioantillano.com\/uno\/wp-content\/uploads\/2024\/10\/464px-Yoav_Galant_1.jpg 464w, https:\/\/eldiarioantillano.com\/uno\/wp-content\/uploads\/2024\/10\/464px-Yoav_Galant_1-193x300.jpg 193w\" sizes=\"(max-width: 464px) 100vw, 464px\" \/><figcaption class=\"wp-element-caption\">Yoav Galan (De Avi Ohayon \/ Oficina de Prensa del Gobierno Israel).<\/figcaption><\/figure>\n<\/div>\n\n\n<p>Los funcionarios occidentales se afanan ahora a ambos lados del Atl\u00e1ntico, en tanto que se barajan nuevas propuestas para un cese al fuego en Ucrania y el Presidente Biden, acompa\u00f1ado de su teleprompter, visitar\u00e1 Alemania a finales de semana para debatir otras opciones. Entre ellas, la OTAN \u201ca prueba de Trump\u201d y la creaci\u00f3n de un plan de guerra a largo plazo contra Rusia. Pero la unidad y la planificaci\u00f3n de la OTAN no tienen buena pinta, como demuestra el Primer Ministro de Eslovaquia, Robert Fico, que afirm\u00f3 que nunca permitir\u00e1 la entrada de la vecina Ucrania en la OTAN mientras \u00e9l siga en el cargo.&nbsp;<\/p>\n\n\n\n<p>No obstante, el peligro sigue siendo enorme, ya que quienes se empe\u00f1an en defender su condenada y nefasta visi\u00f3n est\u00e1n conduciendo al mundo hacia un enfrentamiento termonuclear.&nbsp;<\/p>\n\n\n\n<p>En una conversaci\u00f3n con sus asociados ayer, Helga Zepp-LaRouche hizo hincapi\u00e9 en que estas pr\u00f3ximas cuatro semanas previas a las elecciones de noviembre en Estados Unidos van a ser decisivas y en ellas se producir\u00e1n numerosos puntos de inflexi\u00f3n mientras el mundo atraviesa esta convulsi\u00f3n actual. . Es probable que las tensiones no hagan sino aumentar, ojal\u00e1 que no hasta el punto de no retorno, pero el desenlace a\u00fan no est\u00e1 decidido. Tambi\u00e9n aumentar\u00e1n las posibilidades de organizar e introducir nuevas ideas sobre la direcci\u00f3n que debe tomar el mundo, y ser\u00e1 una oportunidad para impulsar una respuesta de principios a esta crisis.&nbsp;<\/p>\n\n\n\n<p>Como dijo Federico Schiller: \u00ab\u00a1Para algo mejor hemos nacido!\u00bb. Ha llegado el momento de sustituir el sistema neoliberal por otro que est\u00e9 a la altura de la dignidad y la belleza de la Humanidad.<\/p>\n","protected":false},"excerpt":{"rendered":"<p>10 de octubre de 2024 (EIRNS).\u2014 El mundo est\u00e1 sentado sobre un aut\u00e9ntico polvor\u00edn, ya&hellip;<\/p>\n","protected":false},"author":2,"featured_media":69135,"comment_status":"open","ping_status":"open","sticky":false,"template":"","format":"standard","meta":{"footnotes":""},"categories":[78,52],"tags":[],"class_list":["post-69134","post","type-post","status-publish","format-standard","has-post-thumbnail","hentry","category-eirns","category-internacionales"],"_links":{"self":[{"href":"https:\/\/eldiarioantillano.com\/uno\/wp-json\/wp\/v2\/posts\/69134","targetHints":{"allow":["GET"]}}],"collection":[{"href":"https:\/\/eldiarioantillano.com\/uno\/wp-json\/wp\/v2\/posts"}],"about":[{"href":"https:\/\/eldiarioantillano.com\/uno\/wp-json\/wp\/v2\/types\/post"}],"author":[{"embeddable":true,"href":"https:\/\/eldiarioantillano.com\/uno\/wp-json\/wp\/v2\/users\/2"}],"replies":[{"embeddable":true,"href":"https:\/\/eldiarioantillano.com\/uno\/wp-json\/wp\/v2\/comments?post=69134"}],"version-history":[{"count":1,"href":"https:\/\/eldiarioantillano.com\/uno\/wp-json\/wp\/v2\/posts\/69134\/revisions"}],"predecessor-version":[{"id":69138,"href":"https:\/\/eldiarioantillano.com\/uno\/wp-json\/wp\/v2\/posts\/69134\/revisions\/69138"}],"wp:featuredmedia":[{"embeddable":true,"href":"https:\/\/eldiarioantillano.com\/uno\/wp-json\/wp\/v2\/media\/69135"}],"wp:attachment":[{"href":"https:\/\/eldiarioantillano.com\/uno\/wp-json\/wp\/v2\/media?parent=69134"}],"wp:term":[{"taxonomy":"category","embeddable":true,"href":"https:\/\/eldiarioantillano.com\/uno\/wp-json\/wp\/v2\/categories?post=69134"},{"taxonomy":"post_tag","embeddable":true,"href":"https:\/\/eldiarioantillano.com\/uno\/wp-json\/wp\/v2\/tags?post=69134"}],"curies":[{"name":"wp","href":"https:\/\/api.w.org\/{rel}","templated":true}]}}