{"id":69103,"date":"2024-10-07T00:01:00","date_gmt":"2024-10-07T04:01:00","guid":{"rendered":"https:\/\/eldiarioantillano.com\/uno\/?p=69103"},"modified":"2024-10-06T23:02:39","modified_gmt":"2024-10-07T03:02:39","slug":"marileidy-paulino-y-el-oro-que-no-le-damos","status":"publish","type":"post","link":"https:\/\/eldiarioantillano.com\/uno\/2024\/10\/07\/marileidy-paulino-y-el-oro-que-no-le-damos\/","title":{"rendered":"Marileidy Paulino y el oro que no le damos"},"content":{"rendered":"\n<p class=\"wp-block-paragraph\">Por ESTHER HERN\u00c1NDEZ MEDINA<\/p>\n\n\n\n<p class=\"has-text-align-right wp-block-paragraph\"><em>La gacela dominicana, hoy campeona ol\u00edmpica, tiene un rostro y cuerpo tan familiar a todos los dominicanos\u2026 <\/em><br><em>Y detr\u00e1s de ese rostro y ese cuerpo, van millones de dominicanas.<\/em> <br>Juan Miguel P\u00e9rez<\/p>\n\n\n\n<p class=\"wp-block-paragraph\">La victoria hist\u00f3rica de Marileidy Paulino me agarr\u00f3 en Canad\u00e1 donde estuve asistiendo a las conferencias de las asociaciones de sociolog\u00eda de las que soy parte en Norteam\u00e9rica. Lamentablemente no anot\u00e9 bien la hora de la carrera y me enter\u00e9 de que hab\u00eda ganado y roto el r\u00e9cord ol\u00edmpico cuando lo vi en las redes. Pero igual que ustedes me sent\u00ed orgullos\u00edsima y feliz por ella y por el pa\u00eds y se me aceler\u00f3 el corazoncito de la emoci\u00f3n cuando finalmente pude ver el video. La colega con la que andaba me pregunt\u00f3 que por qu\u00e9 me sonre\u00eda tan contenta mirando mi celular y le expliqu\u00e9 que me sent\u00eda parte de ese momento de alegr\u00eda para Rep\u00fablica Dominicana; especialmente despu\u00e9s de tantos d\u00edas viendo la cobertura de las Olimp\u00edadas destacando los logros de Canad\u00e1 y de Estados Unidos en Montreal y donde vivo en Los \u00c1ngeles.<\/p>\n\n\n\n<p class=\"wp-block-paragraph\">Como les he contado antes, esos momentos de euforia compartida con otras personas son ejemplos de lo que Emilio Durkheim, uno de los fundadores de la sociolog\u00eda, llamaba la \u201cefervescencia colectiva\u201d. Es lo que sentimos, por ejemplo, cuando nos emocionamos al mismo tiempo viendo a Juan Luis Guerra y a Romeo Santos juntos en el Estadio Ol\u00edmpico bajo el aguacero m\u00e1s torrencial (\u00a1yo estuve en ese concierto!). Pero tambi\u00e9n son los momentos de conexi\u00f3n con personas desconocidas que sentimos yendo a la pelota o a una manifestaci\u00f3n ciudadana o al cine. Y aunque la gran mayor\u00eda no estuvimos con Marileidy en Par\u00eds, las redes nos la trajeron y pudimos ver de cerca el regalo inmenso que nos ha dado.<\/p>\n\n\n\n<p class=\"wp-block-paragraph\">De manera similar a lo que hizo a\u00f1os antes F\u00e9lix S\u00e1nchez, Marileidy nos regal\u00f3 un momento hermoso de orgullo y de celebraci\u00f3n que uni\u00f3 al pa\u00eds y a toda la gente que se considera dominicana est\u00e9 donde est\u00e9. Sin embargo, como ya han planteado muchas personas, este regalo inmenso que Marileidy nos comparti\u00f3 lo hizo a costa de sacrificios tambi\u00e9n enormes. Como dijo la misma <a href=\"https:\/\/www.youtube.com\/watch?v=9GwIQ4AcH08\">Marileidy en la entrevista<\/a> que le hizo el periodista Yancen Pujols, lleg\u00f3 un momento en que incluso pens\u00f3 en \u201crepresentar a otra bandera\u201d por la falta de fondos y el apoyo suficiente y a tiempo que requiere como atleta de \u00e9lite que es.<\/p>\n\n\n\n<p class=\"wp-block-paragraph\">Y por eso es que hoy quiero invitarles a que pensemos un poco sobre todo lo que representa este logro y las reacciones que hemos tenido hasta ahora. Marileidy nos regal\u00f3 el oro ol\u00edmpico en los 400 metros \u00bfpero como pa\u00eds le hemos regalado el oro a ella? Mi respuesta es que no y seg\u00fan he visto en las redes y en las conversaciones que he tenido esa es tambi\u00e9n la respuesta de muchos y muchas de ustedes. No le damos el oro a Marileidy porque el gobierno que nos representa, como muchos otros antes de \u00e9ste, no ve la formaci\u00f3n deportiva de nuestra gente joven como una prioridad y <a href=\"https:\/\/listindiario.com\/el-deporte\/2022\/08\/02\/732621\/marileidy-paulino-lanza-criticas-al-comite-olimpico-y-a-miderec.html\">no garantiz\u00f3 los recursos necesarios<\/a> y a tiempo para el triunfo de Marileidy y el resto de atletas excepcionales que tenemos.<\/p>\n\n\n\n<p class=\"wp-block-paragraph\">Mucha gente en la clase pol\u00edtica dominicana, el empresariado y otros espacios de poder quiere ahora celebrar lo que no ayud\u00f3 a conseguir ni comprando un par de tenis. De hecho, alguien bromeaba en Twitter\/X que el mejor regalo que le han hecho a Marileidy fue una persona profesional del derecho que le ofreci\u00f3 sus servicios por si las empresas que le han prometido de todo no cumplen con su palabra. O sea, no le damos el oro cuando la celebramos y reconocemos solo cuando ella y otros\/as atletas ganan medallas para el pa\u00eds pero no cuando necesitan las dietas, el apoyo, el entrenamiento. &nbsp;<\/p>\n\n\n\n<p class=\"wp-block-paragraph\">Tampoco le damos el oro a Marileidy cuando negamos la realidad que tan dignamente representa: las mujeres negras de las comunidades y barrios m\u00e1s pobres que son la gran mayor\u00eda de las mujeres dominicanas. Y lo negamos porque, como dije hace muchos a\u00f1os en mi columna de Clave Digital, el nuestro es un pa\u00eds maravilloso pero es un pa\u00eds del allante. Queremos vivir de espaldas a lo que somos y especialmente quienes somos de clase media y alta intentamos descalificar o ignorar a la gran mayor\u00eda de la poblaci\u00f3n dominicana de la que Marileidy es parte. No queremos aceptar que existe una desigualdad profunda entre las clases sociales (\u201cla se\u00f1ora del servicio es como de la familia\u201d pero protestamos cuando el gobierno aumenta y regula su sueldo), ni entre las metr\u00f3polis de Santo Domingo y Santiago y el resto del pa\u00eds (si somos de la capital decimos que el resto \u201ces monte y culebra\u201d) ni tampoco queremos reconocer que la gran mayor\u00eda somos personas negras y mulatas (el negro solo est\u00e1 \u201cdetr\u00e1s de la oreja\u201d).<\/p>\n\n\n\n<p class=\"wp-block-paragraph\">As\u00ed como a la gimnasta Simone Biles llevan a\u00f1os haci\u00e9ndole \u201cbullying\u201d en EEUU por ser una mujer negra, as\u00ed tambi\u00e9n Marileidy y <a href=\"https:\/\/www.diariolibre.com\/deportes\/olimpismo\/2023\/07\/09\/marileidy-paulino-condena-el-racismo-y-defiende-a-senyu\/2398924\">otras atletas que valientemente ha salido a defender<\/a> han sufrido las consecuencias y el acoso frecuente por ser mujeres negras y de los sectores m\u00e1s humildes de nuestras provincias. Y cuando se trata de atletas dominicanos de origen haitiano como Luisito Pi\u00e9, el acoso es a\u00fan m\u00e1s terrible aunque pongan en alto el nombre de la Rep\u00fablica Dominicana. Y reitero, me alegra much\u00edsimo que el nuevo triunfo ol\u00edmpico de Marileidy hace que la celebremos y la recibamos con tanto amor en el aeropuerto. Su sonrisa sin fin ante esas manifestaciones de cari\u00f1o no tiene precio como dice el anuncio aquel.<\/p>\n\n\n\n<p class=\"wp-block-paragraph\">Pero ahora falta que nos cuestionemos el por qu\u00e9 seguimos reproduciendo estas ideas de <a href=\"https:\/\/acento.com.do\/opinion\/el-autoritarismo-social-9298310.html\">autoritarismo social<\/a> que nos llevan a despreciar y a querer siempre \u201cponer en su sitio\u201d a las personas negras de nuestros barrios y campos y especialmente a las mujeres negras de nuestros barrios y campos. Por ejemplo, \u00bfpor qu\u00e9 ese af\u00e1n de ponerle uniformes (horrorosos adem\u00e1s) a las nanas y trabajadoras dom\u00e9sticas para diferenciarlas de la familia si son \u201ccomo de la familia\u201d? \u00bfPor qu\u00e9 la ilustradora que puso una imagen en Twitter celebrando a Marileidy no la pint\u00f3 con su color oscuro de piel sino como \u201cindiecita clara\u201d como si el color negro fuera algo negativo? Si las mujeres negras son la mayor\u00eda de las mujeres dominicanas, \u00bfpor qu\u00e9 a tanta gente le da trabajo verlas como la regla y no como la excepci\u00f3n?<\/p>\n\n\n\n<p class=\"wp-block-paragraph\">El triunfo de Marileidy tambi\u00e9n desaf\u00eda la definici\u00f3n tan estrecha de lo femenino que todav\u00eda mucha gente tiene en nuestro pa\u00eds y en el mundo. Su musculatura, su falta de maquillaje, su color y su cabello afro no son lo que mucha gente tiene en mente cuando piensa en c\u00f3mo deben verse las mujeres (como si hubiera una sola manera para todo el mundo) ni est\u00e1 en las actividades que fomentamos en nuestras ni\u00f1as. Si una mujer que se ve como Marileidy fuera a buscar trabajo a una de las tantas empresas donde se pide tener \u201cbuena presencia\u201d no le ir\u00eda muy bien. Por m\u00e1s calificada que sea dif\u00edcilmente le ofrezcan el puesto porque tener \u201cbuena presencia\u201d (el ideal de belleza de la mujer en Rep\u00fablica Dominicana que tanto limita lo que las mujeres pueden o no pueden hacer) es ser lo m\u00e1s \u201cindiecita\u201d o \u201cblanquita\u201d posible y con el cabello lacio o que lo parezca.<\/p>\n\n\n\n<p class=\"wp-block-paragraph\">Mi colega Juan Miguel P\u00e9rez lo dijo mejor todav\u00eda en su cuenta de Instagram (<a href=\"https:\/\/www.instagram.com\/operacionlazo\/\">@operacionlazo<\/a>) y por eso les comparto la cita completa: \u201cLa gacela dominicana, hoy campeona ol\u00edmpica, tiene un rostro y cuerpo tan familiar a todos los dominicanos. Marileidy lleva el rostro de la cajera del supermercado donde compran las clases privilegiadas, y que ve pasar embutidos y vinos que en una sola compra pueden equivaler a su salario del mes; Marileidy tiene el rostro de esa muchacha que la clase alta le impone su uniforme de nana, para que en lugares p\u00fablicos y en reuniones privadas, se marque bien la frontera social entre \u2018nosotros\u2019 y \u2018ellas\u2019;&nbsp;Marileidy tiene la cara y el cuerpo de una trabajadora de zona franca, de una banquera de loter\u00eda, de una salonera, y hasta de la muchacha que te fr\u00ede el desayuno en una esquina. Y detr\u00e1s de ese rostro y ese cuerpo, van millones de dominicanas.\u201d<\/p>\n\n\n\n<p class=\"wp-block-paragraph\">Marileidy nos ha regalado no solo el oro y el r\u00e9cord ol\u00edmpico sino tambi\u00e9n su ejemplo de elegancia y aplomo. La elegancia con la que agradece a quienes s\u00ed la apoyaron (especialmente el pueblo dominicano) y con la que dice que no a quienes siente que la quieren utilizar. Y el aplomo de saber qui\u00e9n es y a qui\u00e9nes representa aunque todav\u00eda no lo entendamos las y los dem\u00e1s. \u00bfQu\u00e9 tal si le devolvemos el favor d\u00e1ndole como regalo tambi\u00e9n ese oro?<\/p>\n","protected":false},"excerpt":{"rendered":"<p>Como pa\u00eds no le damos el oro a Marileidy cuando negamos la realidad que tan dignamente representa: las mujeres negras de las comunidades y barrios m\u00e1s pobres que son la gran mayor\u00eda de las mujeres dominicanas.<\/p>\n","protected":false},"author":2,"featured_media":66217,"comment_status":"open","ping_status":"open","sticky":false,"template":"","format":"standard","meta":{"footnotes":""},"categories":[70,55,51],"tags":[],"class_list":["post-69103","post","type-post","status-publish","format-standard","has-post-thumbnail","hentry","category-esther-hernandez-medina","category-nacionales","category-opinion"],"_links":{"self":[{"href":"https:\/\/eldiarioantillano.com\/uno\/wp-json\/wp\/v2\/posts\/69103","targetHints":{"allow":["GET"]}}],"collection":[{"href":"https:\/\/eldiarioantillano.com\/uno\/wp-json\/wp\/v2\/posts"}],"about":[{"href":"https:\/\/eldiarioantillano.com\/uno\/wp-json\/wp\/v2\/types\/post"}],"author":[{"embeddable":true,"href":"https:\/\/eldiarioantillano.com\/uno\/wp-json\/wp\/v2\/users\/2"}],"replies":[{"embeddable":true,"href":"https:\/\/eldiarioantillano.com\/uno\/wp-json\/wp\/v2\/comments?post=69103"}],"version-history":[{"count":1,"href":"https:\/\/eldiarioantillano.com\/uno\/wp-json\/wp\/v2\/posts\/69103\/revisions"}],"predecessor-version":[{"id":69104,"href":"https:\/\/eldiarioantillano.com\/uno\/wp-json\/wp\/v2\/posts\/69103\/revisions\/69104"}],"wp:featuredmedia":[{"embeddable":true,"href":"https:\/\/eldiarioantillano.com\/uno\/wp-json\/wp\/v2\/media\/66217"}],"wp:attachment":[{"href":"https:\/\/eldiarioantillano.com\/uno\/wp-json\/wp\/v2\/media?parent=69103"}],"wp:term":[{"taxonomy":"category","embeddable":true,"href":"https:\/\/eldiarioantillano.com\/uno\/wp-json\/wp\/v2\/categories?post=69103"},{"taxonomy":"post_tag","embeddable":true,"href":"https:\/\/eldiarioantillano.com\/uno\/wp-json\/wp\/v2\/tags?post=69103"}],"curies":[{"name":"wp","href":"https:\/\/api.w.org\/{rel}","templated":true}]}}