{"id":69074,"date":"2024-10-05T01:05:35","date_gmt":"2024-10-05T05:05:35","guid":{"rendered":"https:\/\/eldiarioantillano.com\/uno\/?p=69074"},"modified":"2024-10-05T01:05:36","modified_gmt":"2024-10-05T05:05:36","slug":"toda-la-civilizacion-esta-en-peligro-asumamoslo-y-movilicemonos-para-actuar-con-urgencia","status":"publish","type":"post","link":"https:\/\/eldiarioantillano.com\/uno\/2024\/10\/05\/toda-la-civilizacion-esta-en-peligro-asumamoslo-y-movilicemonos-para-actuar-con-urgencia\/","title":{"rendered":"Toda la civilizaci\u00f3n est\u00e1 en peligro: Asum\u00e1moslo y movilic\u00e9monos para actuar con urgencia\u00a0"},"content":{"rendered":"\n<p>5 de octubre de 2024 (EIRNS).\u2014 El perverso af\u00e1n belicista de las Fuerzas de Defensa de Israel (IDF) de Netanyahu en el Sudoeste de Asia, respaldado por Estados Unidos, se est\u00e1 encaminando hacia un combate regional a gran escala, incluso hacia la obliteraci\u00f3n nuclear, de forma tan dram\u00e1tica como lo es la crisis de la guerra sustituta de la OTAN en Ucrania contra Rusia. Esta \u00faltima amenaza no ha disminuido a pesar de que hasta ahora Estados Unidos todav\u00eda no ha aceptado formal y p\u00fablicamente utilizar cohetes guiados de largo alcance para atacar en la profundidad del territorio ruso a nombre de Ucrania. Eso sigue pendiente.&nbsp;<\/p>\n\n\n\n<p>En una panor\u00e1mica a\u00e9rea del L\u00edbano se puede ver un profundo cr\u00e1ter en el centro de su capital, Beirut, creado &nbsp;<a href=\"https:\/\/eir.news\/r\/b1fa2639?m=9020ef27-83b0-4ad2-9343-466515ff7f3a\" rel=\"noreferrer noopener\" target=\"_blank\">por el bombardeo<\/a>&nbsp;&nbsp;de alto tono que perpetraron las Fuerzas de Defensa de Israel (FDI) el fin de semana. Ese crimen sigui\u00f3 a la secuencia de ataques de las \u00faltimas semanas por parte de las FDI, que asesinaron a la m\u00e1xima dirigencia de Hezbol\u00e1, al tiempo que causaron muertes, lesiones y destrucci\u00f3n sin contemplaciones. M\u00e1s de 1.000 libaneses han muerto en las \u00faltimas dos semanas. M\u00e1s de 1,4 millones de libaneses han sido desplazados.&nbsp;<\/p>\n\n\n\n<p>La \u00faltima actualizaci\u00f3n es que est\u00e1 en marcha la invasi\u00f3n terrestre de las FDI con equipos militares y soldados al sur del L\u00edbano. Las autoridades israel\u00edes lo califican eufem\u00edsticamente de incursi\u00f3n \u00ablimitada\u00bb. Esto se ajusta a lo que llaman \u201cEretz Israel\u201d, el establecimiento del Gran Israel, seg\u00fan inform\u00f3 recientemente el peri\u00f3dico &nbsp;<em>The Jerusalem Post:<\/em>&nbsp;&nbsp;1) limpieza \u00e9tnica en Gaza; 2) limpieza \u00e9tnica en Cisjordania; 3) apropiaci\u00f3n de tierras en el L\u00edbano.&nbsp;<\/p>\n\n\n\n<p>\u00bfCu\u00e1l es la respuesta del gobierno de Estados Unidos? El lunes 30 de septiembre, funcionarios del Pent\u00e1gono anunciaron los detalles del env\u00edo de m\u00e1s fuerzas militares estadounidenses a la regi\u00f3n.&nbsp;<\/p>\n\n\n\n<p>En el Departamento de Estado de Estados Unidos, el secretario de Estado, Antony Blinken, anunci\u00f3 que el mundo est\u00e1 mejor ahora que Israel asesin\u00f3 al l\u00edder de Hezbol\u00e1, Hassan Nasrallah. \u00abL\u00edbano, la regi\u00f3n y el mundo est\u00e1n m\u00e1s seguros sin \u00e9l\u00bb. Y cuando le preguntaron espec\u00edficamente sobre el hecho de que Israel invada ahora L\u00edbano, Blinken se limit\u00f3 a recitar perogrulladas sobre lo deseable que es la diplomacia.&nbsp;<\/p>\n\n\n\n<p>La misma opini\u00f3n viene del lado republicano. Por ejemplo, ayer en la cadena &nbsp;<em>Fox News TV<\/em>&nbsp;&nbsp;se present\u00f3 al teniente general (retirado) Keith Kellogg, ex asesor militar en la presidencia de Donald Trump, elogiando a Netanyahu por todo lo que est\u00e1 haciendo ahora para \u00abterminar el trabajo\u00bb que deber\u00eda haber hecho hace a\u00f1os.&nbsp;<\/p>\n\n\n\n<p>Mientras tanto, contin\u00faa la locura de Estados Unidos, el Reino Unido y la OTAN con el cuento de que no habr\u00eda consecuencias si se atacara dentro de su territorio a Rusia desde Ucrania. La misma &nbsp;<em>Fox News<\/em>&nbsp;&nbsp;transmiti\u00f3 el fin de semana al propio presidente de Ucrania, Volod\u00edmir Zelenski, repitiendo que Putin est\u00e1 fanfarroneando cuando se trata de amenazar con el uso de armas nucleares si se ataca a Rusia en lo profundo de su territorio.&nbsp;<\/p>\n\n\n\n<p>Pero hay reacciones en contra de esta locura y esta perspectiva de hombre bestia. Ayer lunes el Presidente de Turqu\u00eda, Recep Tayyip Erdogan, hizo un llamado a la Asamblea General de la ONU para que recurra al uso de la fuerza, si el Consejo de Seguridad de la ONU no detiene a Israel en Gaza y L\u00edbano. \u00abLa Asamblea General de la ONU debe aplicar r\u00e1pidamente la autoridad para recomendar el uso de la fuerza, como hizo con la &nbsp;<a href=\"https:\/\/derechos.org\/human-rights\/irak\/doc\/377onuesp.html\" rel=\"noreferrer noopener\" target=\"_blank\">resoluci\u00f3n Uni\u00f3n pro Paz<\/a>&nbsp;de 1950, si el Consejo de Seguridad de la ONU no puede mostrar la voluntad necesaria\u00bb.&nbsp;&nbsp;<\/p>\n\n\n\n<p>El fin de semana, Suiza anunci\u00f3 que apoya los principios y la din\u00e1mica del grupo de naciones \u00abAmigos de la Paz\u00bb, fundado en una reuni\u00f3n que se llev\u00f3 a cabo en Nueva York el 27 de septiembre al margen de la Asamblea General de la ONU. , convocada por los ministros de Asuntos Exteriores de China y Brasil. El grupo emiti\u00f3 un &nbsp;<a href=\"https:\/\/larouchepub.com\/spanish\/actualidades\/2024\/09\/0928-brasil-y-chin-crean-amigos-dela-paz.html\" rel=\"noreferrer noopener\" target=\"_blank\">comunicado conjunto<\/a>&nbsp;&nbsp;como \u00abhoja de ruta para una paz duradera\u00bb entre Ucrania y Rusia.&nbsp;<\/p>\n\n\n\n<p>En Estados Unidos, miles de estadounidenses participaron en concentraciones nacionales durante el fin de semana, dos en Washington DC y una en Kingston, Nueva York, en las que se alzaron con fuerza muchas voces contra la locura guerrerista del gobierno de Estados Unidos. Esto se vio amplificado por una concentraci\u00f3n \u00abhermana\u00bb el 28 de septiembre en Estocolmo, Suecia, organizada conjuntamente por &nbsp;<em>Humanity for Peace<\/em>&nbsp;&nbsp;(Humanidad por la Paz), el Instituto Schiller y otros, en la que hubo muchos participantes.&nbsp;<\/p>\n\n\n\n<p>Uno de los ponentes en Washington, por ejemplo, fue el coronel (retirado) Douglas Macgregor. El intervino en la manifestaci\u00f3n del 29 de septiembre \u00abRescate la Rep\u00fablica\u00bb, presentando un cuadro de la concentraci\u00f3n demencial de fuerzas de Estados Unidos en el Sudoeste de Asia. Advirti\u00f3, que, con la mira puesta en contra de Ir\u00e1n, esto podr\u00eda detonar la Tercera Guerra Mundial. Se\u00f1al\u00f3 que la guerra no ha conseguido nada positivo, dijo que Estados Unidos deber\u00eda gastar dinero en infraestructura. \u00ab\u00a1No m\u00e1s guerras! \u00a1Paz, no guerra! \u00a1Prosperidad, no pobreza!\u00bb, insisti\u00f3. Macgregor tambi\u00e9n envi\u00f3 un duro mensaje antibelicista pregrabado a la manifestaci\u00f3n del 28 de septiembre en Estocolmo.&nbsp;<\/p>\n\n\n\n<p>Entre los numerosos ponentes del fin de semana en Washington destacaron los candidatos independientes de LaRouche, Diane Sare, al Senado de Estados Unidos por el estado de Nueva York, y Jos\u00e9 Vega, al Congreso de Estados Unidos (por el distrito del Bronx CD15), quienes est\u00e1n organizando un importante acto nacional en la ciudad de Nueva York para el 26 de octubre.&nbsp;<\/p>\n\n\n\n<p>En Europa, la tendencia cada vez m\u00e1s mayor en contra de la guerra entre los ciudadanos se hizo visible en los resultados de las elecciones de septiembre en Austria, y anteriormente en tres elecciones estatales de Alemania del Este.&nbsp;<\/p>\n\n\n\n<p>Helga Zepp-LaRouche, fundadora del Instituto Schiller e iniciadora de la Coalici\u00f3n Internacional por la Paz en el 2023, se\u00f1al\u00f3 que estos y otros movimientos positivos suponen un cambio \u00abhacia una salida de la situaci\u00f3n de crisis\u00bb, pero no es suficiente. Es necesario que aumentemos nuestros esfuerzos. Tenemos que ampliar nuestra labor a todas partes contra el creciente peligro de guerra. Zepp-LaRouche aconsej\u00f3 que la forma de conseguir que la gente participe es \u00abd\u00e1ndolo a conocer: Estamos luchando por la existencia de la Humanidad\u00bb. Con la mentalidad adecuada, la gente puede decidir qu\u00e9 hacer. El mes de octubre ser\u00e1 decisivo.&nbsp;<\/p>\n\n\n\n<p>Esta semana hay dos grandes acontecimientos internacionales, y la importante reuni\u00f3n del viernes de la Coalici\u00f3n Internacional por la Paz (CIP), el 4 de octubre, en su 70\u00aa reuni\u00f3n semanal consecutiva.<\/p>\n","protected":false},"excerpt":{"rendered":"<p>5 de octubre de 2024 (EIRNS).\u2014 El perverso af\u00e1n belicista de las Fuerzas de Defensa&hellip;<\/p>\n","protected":false},"author":2,"featured_media":65178,"comment_status":"open","ping_status":"open","sticky":false,"template":"","format":"standard","meta":{"footnotes":""},"categories":[78,52],"tags":[],"class_list":["post-69074","post","type-post","status-publish","format-standard","has-post-thumbnail","hentry","category-eirns","category-internacionales"],"_links":{"self":[{"href":"https:\/\/eldiarioantillano.com\/uno\/wp-json\/wp\/v2\/posts\/69074","targetHints":{"allow":["GET"]}}],"collection":[{"href":"https:\/\/eldiarioantillano.com\/uno\/wp-json\/wp\/v2\/posts"}],"about":[{"href":"https:\/\/eldiarioantillano.com\/uno\/wp-json\/wp\/v2\/types\/post"}],"author":[{"embeddable":true,"href":"https:\/\/eldiarioantillano.com\/uno\/wp-json\/wp\/v2\/users\/2"}],"replies":[{"embeddable":true,"href":"https:\/\/eldiarioantillano.com\/uno\/wp-json\/wp\/v2\/comments?post=69074"}],"version-history":[{"count":1,"href":"https:\/\/eldiarioantillano.com\/uno\/wp-json\/wp\/v2\/posts\/69074\/revisions"}],"predecessor-version":[{"id":69075,"href":"https:\/\/eldiarioantillano.com\/uno\/wp-json\/wp\/v2\/posts\/69074\/revisions\/69075"}],"wp:featuredmedia":[{"embeddable":true,"href":"https:\/\/eldiarioantillano.com\/uno\/wp-json\/wp\/v2\/media\/65178"}],"wp:attachment":[{"href":"https:\/\/eldiarioantillano.com\/uno\/wp-json\/wp\/v2\/media?parent=69074"}],"wp:term":[{"taxonomy":"category","embeddable":true,"href":"https:\/\/eldiarioantillano.com\/uno\/wp-json\/wp\/v2\/categories?post=69074"},{"taxonomy":"post_tag","embeddable":true,"href":"https:\/\/eldiarioantillano.com\/uno\/wp-json\/wp\/v2\/tags?post=69074"}],"curies":[{"name":"wp","href":"https:\/\/api.w.org\/{rel}","templated":true}]}}