{"id":69030,"date":"2024-10-02T00:00:00","date_gmt":"2024-10-02T04:00:00","guid":{"rendered":"https:\/\/eldiarioantillano.com\/uno\/?p=69030"},"modified":"2024-10-01T21:38:01","modified_gmt":"2024-10-02T01:38:01","slug":"bernardo-matias-pondra-a-circular-libro-en-castanuelas-montecristi","status":"publish","type":"post","link":"https:\/\/eldiarioantillano.com\/uno\/2024\/10\/02\/bernardo-matias-pondra-a-circular-libro-en-castanuelas-montecristi\/","title":{"rendered":"Bernardo Mat\u00edas pondr\u00e1 a circular libro en Casta\u00f1uelas, Montecristi"},"content":{"rendered":"\n<p>\u00a0El acto cultural se realizar\u00e1 el cuatro de octubre desde las seis de la tarde en la sede del Ayuntamiento de Casta\u00f1uelas, provincia Montecristi.\u00a0<\/p>\n","protected":false},"excerpt":{"rendered":"<p>\u00a0El acto cultural se realizar\u00e1 el cuatro de octubre desde las seis de la tarde&hellip;<\/p>\n","protected":false},"author":2,"featured_media":69018,"comment_status":"open","ping_status":"open","sticky":false,"template":"","format":"standard","meta":{"footnotes":""},"categories":[63,57],"tags":[],"class_list":["post-69030","post","type-post","status-publish","format-standard","has-post-thumbnail","hentry","category-cultura","category-montecristi"],"_links":{"self":[{"href":"https:\/\/eldiarioantillano.com\/uno\/wp-json\/wp\/v2\/posts\/69030","targetHints":{"allow":["GET"]}}],"collection":[{"href":"https:\/\/eldiarioantillano.com\/uno\/wp-json\/wp\/v2\/posts"}],"about":[{"href":"https:\/\/eldiarioantillano.com\/uno\/wp-json\/wp\/v2\/types\/post"}],"author":[{"embeddable":true,"href":"https:\/\/eldiarioantillano.com\/uno\/wp-json\/wp\/v2\/users\/2"}],"replies":[{"embeddable":true,"href":"https:\/\/eldiarioantillano.com\/uno\/wp-json\/wp\/v2\/comments?post=69030"}],"version-history":[{"count":1,"href":"https:\/\/eldiarioantillano.com\/uno\/wp-json\/wp\/v2\/posts\/69030\/revisions"}],"predecessor-version":[{"id":69031,"href":"https:\/\/eldiarioantillano.com\/uno\/wp-json\/wp\/v2\/posts\/69030\/revisions\/69031"}],"wp:featuredmedia":[{"embeddable":true,"href":"https:\/\/eldiarioantillano.com\/uno\/wp-json\/wp\/v2\/media\/69018"}],"wp:attachment":[{"href":"https:\/\/eldiarioantillano.com\/uno\/wp-json\/wp\/v2\/media?parent=69030"}],"wp:term":[{"taxonomy":"category","embeddable":true,"href":"https:\/\/eldiarioantillano.com\/uno\/wp-json\/wp\/v2\/categories?post=69030"},{"taxonomy":"post_tag","embeddable":true,"href":"https:\/\/eldiarioantillano.com\/uno\/wp-json\/wp\/v2\/tags?post=69030"}],"curies":[{"name":"wp","href":"https:\/\/api.w.org\/{rel}","templated":true}]}}