{"id":69025,"date":"2024-10-01T21:29:04","date_gmt":"2024-10-02T01:29:04","guid":{"rendered":"https:\/\/eldiarioantillano.com\/uno\/?p=69025"},"modified":"2024-10-01T21:39:06","modified_gmt":"2024-10-02T01:39:06","slug":"el-intelectual-de-rd-hector-diaz-polanco-conversa-con-la-presidenta-de-mexico","status":"publish","type":"post","link":"https:\/\/eldiarioantillano.com\/uno\/2024\/10\/01\/el-intelectual-de-rd-hector-diaz-polanco-conversa-con-la-presidenta-de-mexico\/","title":{"rendered":"El intelectual de RD, H\u00e9ctor D\u00edaz Polanco, conversa con la presidenta de M\u00e9xico"},"content":{"rendered":"<div class=\"wp-block-image\">\n<figure class=\"aligncenter size-full\"><img fetchpriority=\"high\" decoding=\"async\" width=\"598\" height=\"641\" src=\"https:\/\/eldiarioantillano.com\/uno\/wp-content\/uploads\/2024\/10\/IMG-20241001-WA0036.jpg\" alt=\"\" class=\"wp-image-69019\" srcset=\"https:\/\/eldiarioantillano.com\/uno\/wp-content\/uploads\/2024\/10\/IMG-20241001-WA0036.jpg 598w, https:\/\/eldiarioantillano.com\/uno\/wp-content\/uploads\/2024\/10\/IMG-20241001-WA0036-280x300.jpg 280w, https:\/\/eldiarioantillano.com\/uno\/wp-content\/uploads\/2024\/10\/IMG-20241001-WA0036-585x627.jpg 585w\" sizes=\"(max-width: 598px) 100vw, 598px\" \/><figcaption class=\"wp-element-caption\">H\u00e9ctor D\u00edaz Polanco y la presidenta Claudia Sheinbaum (Fuente externa).<\/figcaption><\/figure>\n<\/div>\n\n\n<p>Polanco se nacionaliz\u00f3 mexicano y es un importante dirigente del Movimiento de Regeneraci\u00f3n Nacional (Morena), que llev\u00f3 al poder a Manuel L\u00f3pez Obrador y ahora a la primera mujer que lidera ese pa\u00eds, Claudia Sheinbaum.\u00a0<br><\/p>\n","protected":false},"excerpt":{"rendered":"<p>Polanco se nacionaliz\u00f3 mexicano y es un importante dirigente del Movimiento de Regeneraci\u00f3n Nacional (Morena),&hellip;<\/p>\n","protected":false},"author":2,"featured_media":69019,"comment_status":"open","ping_status":"open","sticky":false,"template":"","format":"standard","meta":{"footnotes":""},"categories":[52],"tags":[],"class_list":["post-69025","post","type-post","status-publish","format-standard","has-post-thumbnail","hentry","category-internacionales"],"_links":{"self":[{"href":"https:\/\/eldiarioantillano.com\/uno\/wp-json\/wp\/v2\/posts\/69025","targetHints":{"allow":["GET"]}}],"collection":[{"href":"https:\/\/eldiarioantillano.com\/uno\/wp-json\/wp\/v2\/posts"}],"about":[{"href":"https:\/\/eldiarioantillano.com\/uno\/wp-json\/wp\/v2\/types\/post"}],"author":[{"embeddable":true,"href":"https:\/\/eldiarioantillano.com\/uno\/wp-json\/wp\/v2\/users\/2"}],"replies":[{"embeddable":true,"href":"https:\/\/eldiarioantillano.com\/uno\/wp-json\/wp\/v2\/comments?post=69025"}],"version-history":[{"count":2,"href":"https:\/\/eldiarioantillano.com\/uno\/wp-json\/wp\/v2\/posts\/69025\/revisions"}],"predecessor-version":[{"id":69032,"href":"https:\/\/eldiarioantillano.com\/uno\/wp-json\/wp\/v2\/posts\/69025\/revisions\/69032"}],"wp:featuredmedia":[{"embeddable":true,"href":"https:\/\/eldiarioantillano.com\/uno\/wp-json\/wp\/v2\/media\/69019"}],"wp:attachment":[{"href":"https:\/\/eldiarioantillano.com\/uno\/wp-json\/wp\/v2\/media?parent=69025"}],"wp:term":[{"taxonomy":"category","embeddable":true,"href":"https:\/\/eldiarioantillano.com\/uno\/wp-json\/wp\/v2\/categories?post=69025"},{"taxonomy":"post_tag","embeddable":true,"href":"https:\/\/eldiarioantillano.com\/uno\/wp-json\/wp\/v2\/tags?post=69025"}],"curies":[{"name":"wp","href":"https:\/\/api.w.org\/{rel}","templated":true}]}}