{"id":69017,"date":"2024-10-02T00:01:00","date_gmt":"2024-10-02T04:01:00","guid":{"rendered":"https:\/\/eldiarioantillano.com\/uno\/?p=69017"},"modified":"2024-10-01T21:23:39","modified_gmt":"2024-10-02T01:23:39","slug":"la-resistencia-continuara-reafirman-en-libano-y-la-region","status":"publish","type":"post","link":"https:\/\/eldiarioantillano.com\/uno\/2024\/10\/02\/la-resistencia-continuara-reafirman-en-libano-y-la-region\/","title":{"rendered":"La Resistencia continuar\u00e1, reafirman en L\u00edbano y la regi\u00f3n"},"content":{"rendered":"\n<p>Beirut, 28 sep (Prensa Latina) La Resistencia continuar\u00e1, reafirmaron hoy dirigentes en L\u00edbano, Palestina, Ir\u00e1n y Yemen, tras el asesinato del l\u00edder pol\u00edtico y militar del movimiento Hizbulah, Hassan Nasrallah.<\/p>\n\n\n\n<p>El s\u00edmbolo parti\u00f3, pero naci\u00f3 la leyenda y la resistencia contin\u00faa, fueron las palabras del candidato a la presidencia de L\u00edbano y jefe de la Corriente Marada, Suleiman Franjieh.<\/p>\n\n\n\n<p>Ahora no es el momento de estar tristes ni de llorar, sino de levantarse, completar el camino de la resistencia, enfatiz\u00f3 en su mensaje el dirigente del Partido Dem\u00f3crata Liban\u00e9s, Talal Arslan.<\/p>\n\n\n\n<p>Para el pol\u00edtico, el s\u00edmbolo de la resistencia en la era moderna ha fallecido, dejando atr\u00e1s una escuela de orgullo, dignidad y resistencia.<\/p>\n\n\n\n<p>El exl\u00edder del Partido Socialista, Walid Jumblatt, escribi\u00f3: \u00abSayyed Hassan Nasrallah y sus compa\u00f1eros se unieron a la larga caravana de m\u00e1rtires en el camino hacia Palestina\u00bb.<\/p>\n\n\n\n<p>Todas las palabras no son suficientes para expresar el dolor, ning\u00fan lamento apaga el dolor ni cura la herida, subray\u00f3 el parlamentario y pol\u00edtico liban\u00e9s Jamil Al Sayyed.<\/p>\n\n\n\n<p>En su cuenta de X, el exdirector de Seguridad General subray\u00f3: \u00abnos es suficiente el consuelo de que \u00e9l mismo haya elegido el camino de su martirio, voluntariamente y buscando la complacencia de Dios en las batallas de la verdad, la justicia y la humanidad, desde la liberaci\u00f3n del L\u00edbano hasta el apoyo al pueblo de Palestina\u00bb.<\/p>\n\n\n\n<p>Tras conocer la noticia de la muerte del l\u00edder de Hizbulah, el nieto del Imam Khomeini, Hassan Khomeini, enfatiz\u00f3 que este crimen no ser\u00e1 perdonado y no debe quedar sin respuesta.<\/p>\n\n\n\n<p>En este punto, defendi\u00f3 un movimiento unido y preciso por parte de la resistencia.<\/p>\n\n\n\n<p>Desde Yemen, el Consejo Pol\u00edtico Supremo en Yemen apunt\u00f3: \u00abel martirio de Su Eminencia el Comandante Hassan Nasrallah aumentar\u00e1 la llama del sacrificio, el calor del \u00edmpetu, la fuerza de la determinaci\u00f3n y la prueba de la continuidad.\u00bb<\/p>\n\n\n\n<p>Al lamentar la muerte del estadista liban\u00e9s, Hamas indic\u00f3 que esta masacre demuestra una vez m\u00e1s la sangrienta y brutalidad de la ocupaci\u00f3n israel\u00ed, que amenaza la paz a la luz del silencio, la impotencia y el fracaso internacionales.<\/p>\n\n\n\n<p>De acuerdo con Hamas, la administraci\u00f3n estadounidense tambi\u00e9n es responsable de su continuo apoyo a Israel en los \u00e1mbitos pol\u00edtico, diplom\u00e1tico, militar, de seguridad y de inteligencia.<\/p>\n\n\n\n<p>Al renovar la solidaridad con los hermanos de Hizbulah, el Frente Popular para la Liberaci\u00f3n de Palestina calific\u00f3 a Nasrallah de un l\u00edder excepcional y un s\u00edmbolo de la resistencia \u00e1rabe y revolucionaria en el mundo.<\/p>\n\n\n\n<p>La organizaci\u00f3n palestina reiter\u00f3 que el asesinato de Nasrallah no debilitar\u00e1 la fuerza de la resistencia ni debilitar\u00e1 su determinaci\u00f3n de continuar la confrontaci\u00f3n con el enemigo israel\u00ed.<\/p>\n\n\n\n<p>Tras horas de incertidumbre, Hizbulah declar\u00f3 este 28 de septiembre m\u00e1rtir en el camino de la liberaci\u00f3n de Al-Quds (Jerusal\u00e9n) a su secretario general desde 1992, Hassan Nasrallah, asesinado durante la operaci\u00f3n ofensiva m\u00e1s potente contra el suburbio sur de Beirut desde 2006.<\/p>\n\n\n\n<p>rgh\/yma<\/p>\n","protected":false},"excerpt":{"rendered":"<p>Beirut, 28 sep (Prensa Latina) La Resistencia continuar\u00e1, reafirmaron hoy dirigentes en L\u00edbano, Palestina, Ir\u00e1n&hellip;<\/p>\n","protected":false},"author":2,"featured_media":69021,"comment_status":"open","ping_status":"open","sticky":false,"template":"","format":"standard","meta":{"footnotes":""},"categories":[52,53],"tags":[],"class_list":["post-69017","post","type-post","status-publish","format-standard","has-post-thumbnail","hentry","category-internacionales","category-prensa-latina"],"_links":{"self":[{"href":"https:\/\/eldiarioantillano.com\/uno\/wp-json\/wp\/v2\/posts\/69017","targetHints":{"allow":["GET"]}}],"collection":[{"href":"https:\/\/eldiarioantillano.com\/uno\/wp-json\/wp\/v2\/posts"}],"about":[{"href":"https:\/\/eldiarioantillano.com\/uno\/wp-json\/wp\/v2\/types\/post"}],"author":[{"embeddable":true,"href":"https:\/\/eldiarioantillano.com\/uno\/wp-json\/wp\/v2\/users\/2"}],"replies":[{"embeddable":true,"href":"https:\/\/eldiarioantillano.com\/uno\/wp-json\/wp\/v2\/comments?post=69017"}],"version-history":[{"count":1,"href":"https:\/\/eldiarioantillano.com\/uno\/wp-json\/wp\/v2\/posts\/69017\/revisions"}],"predecessor-version":[{"id":69022,"href":"https:\/\/eldiarioantillano.com\/uno\/wp-json\/wp\/v2\/posts\/69017\/revisions\/69022"}],"wp:featuredmedia":[{"embeddable":true,"href":"https:\/\/eldiarioantillano.com\/uno\/wp-json\/wp\/v2\/media\/69021"}],"wp:attachment":[{"href":"https:\/\/eldiarioantillano.com\/uno\/wp-json\/wp\/v2\/media?parent=69017"}],"wp:term":[{"taxonomy":"category","embeddable":true,"href":"https:\/\/eldiarioantillano.com\/uno\/wp-json\/wp\/v2\/categories?post=69017"},{"taxonomy":"post_tag","embeddable":true,"href":"https:\/\/eldiarioantillano.com\/uno\/wp-json\/wp\/v2\/tags?post=69017"}],"curies":[{"name":"wp","href":"https:\/\/api.w.org\/{rel}","templated":true}]}}